{"id":12000,"date":"2015-07-16T13:25:06","date_gmt":"2015-07-16T11:25:06","guid":{"rendered":"https:\/\/test.guerini.it\/?p=12000"},"modified":"2021-03-03T17:28:23","modified_gmt":"2021-03-03T16:28:23","slug":"intervistafabi","status":"publish","type":"post","link":"https:\/\/www.guerini.it\/index.php\/intervistafabi\/","title":{"rendered":"Popolari addio? Intervista a Gianfranco Fabi"},"content":{"rendered":"<h1 style=\"text-align: left;\"><span style=\"color: #ea0004;\">BANCHE POPOLARI | <\/span>Fabi: qualunque fondo straniero potr\u00e0 scalarle. Ecco perch\u00e9 gli eurodeputati italiani devono agire<strong><br \/>\n<\/strong><\/h1>\n<div>\n<h2 style=\"text-align: left;\">Il decreto che obbliga le banche popolari pi\u00f9 grandi a convertirsi in Spa mette ulteriormente a rischio il nostro sistema economico. Gianfranco Fabi spiega perch\u00e9, e in che termini, gli esponenti italiani del Parlamento europeo devono intervenire.<\/h2>\n<\/div>\n<div>\n<p style=\"text-width: 10px;\">17.07.2015<\/p>\n<p><img decoding=\"async\" class=\" size-full wp-image-11997\" dir=\"ltr\" style=\"margin: 5px auto; display: block;\" title=\"Credits: Raffaele Castagna\" src=\"https:\/\/test.guerini.it\/wp-content\/uploads\/2015\/07\/foto_crema_fabi.jpg\" alt=\"Gianfranco Fabi alla presentazione di Crema\" height=\"400\" srcset=\"https:\/\/www.guerini.it\/wp-content\/uploads\/2015\/07\/foto_crema_fabi.jpg 954w, https:\/\/www.guerini.it\/wp-content\/uploads\/2015\/07\/foto_crema_fabi-300x245.jpg 300w, https:\/\/www.guerini.it\/wp-content\/uploads\/2015\/07\/foto_crema_fabi-600x490.jpg 600w, https:\/\/www.guerini.it\/wp-content\/uploads\/2015\/07\/foto_crema_fabi-768x627.jpg 768w\" sizes=\"(max-width: 954px) 100vw, 954px\" \/><\/p>\n<\/div>\n<div>\n<div>Il 20 gennaio, un decreto del governo Renzi (convertito definitivamente in legge dal Parlamento il 24 marzo) ha imposto alle banche popolari di maggiori dimensioni di trasformarsi in societ\u00e0 per azioni. Come \u00e8 stata \u2013 realmente \u2013 interpretata l\u2019operazione nel resto d\u2019Europa e quali saranno gli effetti sul sistema economico italiano? Lo abbiamo chiesto a Gianfranco Fabi, autore, assieme a Franco Debenedetti, di \u201c<em><a href=\"https:\/\/www.guerini.it\/index.php\/prodotto\/popolari-addio\/\">Popolari addio? Il futuro dopo l\u2019abolizione del voto capitario<\/a><\/em>\u201d, edito dalla Guerini &amp; Associati.<\/div>\n<div><strong style=\"color: #ea0004; font-size: medium;\">Che considerazione hanno gli altri Paesi europei delle proprie banche popolari?<\/strong><\/div>\n<p><span style=\"font-size: medium;\">Le banche popolari esistono in tutti i Paesi d\u2019Europa, pur con forme diverse e con strutture giuridiche particolari, per questo difficilmente confrontabili. Soprattutto in Francia e in Germania costituiscono comunque un elemento fondamentale per la diffusione del credito a livello territoriale e a particolari settori dell\u2019economia, come quello agricolo. In nessun Paese europeo (tranne l\u2019Italia) sono state approvate norme per modificare la natura di queste banche, tutte caratterizzate dal voto capitario. Germania, Inghilterra e Spagna hanno approvato o almeno messo in cantiere significative riforme del loro sistema bancario, ma in nessuno di questi paesi, e nemmeno negli altri paesi europei &#8211; Svizzera compresa -, si \u00e8 pensato, proposto o approvato un provvedimento che intervenisse sulla governance o sulla struttura giuridica delle banche popolari.<\/span><\/p>\n<p><span style=\"color: #ea0004; font-size: medium;\"><strong>Che direzione hanno assunto gli interventi sulle banche effettuati nel resto d\u2019Europa?<\/strong><\/span><\/p>\n<p><span style=\"font-size: medium;\">Le riforme hanno riguardato la separazione tra le attivit\u00e0 bancarie tradizionali (tipiche delle banche commerciali) dalle pi\u00f9 rischiose attivit\u00e0 di investimento finanziario (normalmente di competenza delle cosiddette banche d\u2019affari). In Germania, per esempio, le banche con oltre 100 miliardi di attivi o con oltre il 20% del bilancio impegnato in investimenti strettamente finanziari sono tenute a separare l\u2019attivit\u00e0 retail da quelle di investment banking.<\/span><\/p>\n<p><span style=\"font-size: medium;\"><strong style=\"color: #ea0004;\">Sono un elemento su cui l\u2019Unione europea pu\u00f2 puntare per uscire dalla crisi?<\/strong><\/span><\/p>\n<p><span style=\"font-size: medium;\">Il settore bancario \u00e8 uno dei settori pi\u00f9 importanti sulla strada di una vera unit\u00e0 politica europea, anche perch\u00e9 molti passi avanti sono stati compiuti, per esempio, con l\u2019importante passaggio alla Banca centrale europea della vigilanza sui grandi istituti. E le banche popolari sono considerate a Bruxelles (forse meno a Francoforte) un elemento fondamentale non solo per la solidit\u00e0 del sistema economico, ma anche per mantenere il pi\u00f9 possibile vicino il sistema del credito a quello produttivo.<\/span><\/p>\n<p><span style=\"color: #ea0004; font-size: medium;\"><strong>La natura delle Popolari italiane era coerente con la disciplina e la prassi europee?<\/strong><\/span><\/p>\n<p><span style=\"font-size: medium;\">L\u2019Unione europea ha archiviato negli anni scorsi una procedura d\u2019infrazione sulla disciplina delle Banche popolari italiane sostenendo che: \u201c1) tutte le Banche Popolari sono vere cooperative sia nella forma che nella sostanza, \u201cde jure et de facto\u201d; 2) la loro disciplina \u00e8 pienamente compatibile con quella dell\u2019Unione europea e con il Trattato Ue; 3) le Banche Popolari sono la legittima espressione di quella particolare forma di libert\u00e0 di impresa che consiste nella libert\u00e0 di organizzare la societ\u00e0 scegliendo liberamente fra i differenti modelli riconosciuti e previsti dall\u2019ordinamento giuridico; 4) il modello della societ\u00e0 cooperativa ha pari dignit\u00e0 di quello della societ\u00e0 per azioni per l&#8217;esercizio dell\u2019impresa bancaria; 5) tale modello, nella forma delle Banche Popolari, pu\u00f2 essere senz\u2019altro adottato anche in caso di dimensioni rilevanti e\/o di quotazione sui mercati borsistici, non sussistendo alcuna incompatibilit\u00e0 tra il modello cooperativo e la complessit\u00e0 e rilevanza delle dimensioni n\u00e9 della quotazione delle azioni nei mercati regolamentati\u201d.<\/span><\/p>\n<p><span style=\"color: #ea0004; font-size: medium;\"><strong>La decisione del governo italiano di trasformare le prime dieci Popolari in Spa che ripercussioni determiner\u00e0 sul nostro sistema economico?<\/strong><\/span><\/p>\n<p><span style=\"font-size: medium;\">La trasformazione in spa pi\u00f9 che creare delle opportunit\u00e0 apre un periodo di forti incognite. Fino ad ora, come dimostrano tutte le evidenze statistiche, le banche popolari sono state quelle che hanno maggiormente finanziato le piccole imprese e le economie locali. E lo dimostra, purtroppo, anche il fatto che hanno una percentuale di sofferenze maggiore delle altre banche, data la crisi che negli ultimi sette anni ha investito le imprese italiane. Le banche popolari, pur confrontandosi apertamente sul mercato, non hanno tra i loro obiettivi la massimizzazione del profitti a breve termine o la partecipazione a investimenti puramente finanziari.<\/span><\/p>\n<figure id=\"attachment_11998\" aria-describedby=\"caption-attachment-11998\" style=\"width: 278px\" class=\"wp-caption aligncenter\"><img loading=\"lazy\" decoding=\"async\" class=\"size-medium wp-image-11998\" src=\"https:\/\/www.guerini.it\/wp-content\/uploads\/2015\/07\/BANCHESPA-278x300.jpg\" alt=\"Banche spa\" width=\"278\" height=\"300\" srcset=\"https:\/\/www.guerini.it\/wp-content\/uploads\/2015\/07\/BANCHESPA-278x300.jpg 278w, https:\/\/www.guerini.it\/wp-content\/uploads\/2015\/07\/BANCHESPA-300x324.jpg 300w, https:\/\/www.guerini.it\/wp-content\/uploads\/2015\/07\/BANCHESPA.jpg 600w\" sizes=\"auto, (max-width: 278px) 100vw, 278px\" \/><figcaption id=\"caption-attachment-11998\" class=\"wp-caption-text\">Banche Spa. Fonte: http:\/\/vignetteagj.blogspot.it\/2015\/01\/banche-popolari.html<\/figcaption><\/figure>\n<p><span style=\"color: #ea0004; font-size: medium;\"><strong>Quindi? Quali rischi corriamo?<\/strong><\/span><\/p>\n<p><span style=\"font-size: medium;\">Trasformandosi in spa, tutto dipender\u00e0 dalle strategie di chi ne conquister\u00e0 il controllo. Invece di essere guidate dai \u201csignorotti locali\u201d, come sono stati sprezzantemente definiti dal premier Renzi gli attuali responsabili delle popolari, le nuove spa potranno passare sotto il controllo di qualche fondo di investimento speculativo del Minnesota, della Cina o di qualche emirato del Golfo. Con tutto il rispetto per questi fondi \u00e8 difficile che possano avere la stessa attenzione delle attuali banche verso la piccola impresa meccanica di Suzzara o il coltivatore diretto di Calolziocorte.<\/span><\/p>\n<p><span style=\"color: #ea0004; font-size: medium;\"><strong>Gli eurodeputati italiani hanno margini di manovra? Che iniziative dovrebbero assumere in merito?<\/strong><\/span><\/p>\n<p><span style=\"font-size: medium;\">Il Parlamento italiano ha varato la riforma nei tempi stretti richiesti dalla forma del decreto legge. E\u2019 quindi mancata una riflessione approfondita ed \u00e8 soprattutto mancato un serio dibattito nell\u2019opinione pubblica sui temi di questo intervento. Uno dei compiti principali che potrebbero avere i parlamentari europei dovrebbe essere quello di mantenere l\u2019attenzione sul problema, sia a livello politico, sia a livello di opinione pubblica. E\u2019 stato cos\u00ec, per esempio, con l\u2019iniziativa di Massimiliano Salini che ha promosso a Crema la presentazione del libro <em>\u201c<a href=\"https:\/\/www.guerini.it\/index.php\/prodotto\/popolari-addio\/\">Popolari addio?<\/a>\u201d<\/em>, edito da Guerini, che contiene un mio saggio in difesa del modello delle banche popolari e un altro di Franco Debenedetti che difende le ragioni della riforma. In quell\u2019occasione il presidente del Banco popolare, Carlo Fratta Pasini, ha sottolineato, prima, l\u2019esigenza di una maggiore informazione e, poi, di un maggior coinvolgimento degli attuali soci delle banche popolari e delle realt\u00e0 locali. Perch\u00e9 non appare impossibile, anche se sar\u00e0 difficile, mantenere gli attuali valori mutualistici e di partecipazione anche nel nuovo assetto giuridico.<\/span><\/p>\n<p style=\"text-align: center;\"><span style=\"font-size: medium;\"><strong><span style=\"color: #ff0000;\"><br \/>\nPopolari addio? Il futuro dopo l&#8217;abolizione del voto capitario<\/span><\/strong><br \/>\n<strong>di Franco Debenedetti e Gianfranco Fabi<br \/>\n<\/strong>Collana\u00a0<em>s\u00ec s\u00ec no no\u00a0<\/em><strong><br \/>\n<\/strong><a href=\"https:\/\/www.guerini.it\/index.php\/prodotto\/popolari-addio\/\" target=\"_blank\" rel=\"noopener\"><img decoding=\"async\" class=\" size-full wp-image-11999\" style=\"margin-top: 5px; margin-bottom: 5px;\" title=\"Popolari addio? Il futuro dopo l'abolizione del voto capitario\" src=\"https:\/\/test.guerini.it\/wp-content\/uploads\/2015\/07\/Popolari_addio_sito.jpg\" alt=\"Popolari addio?\" height=\"300\" srcset=\"https:\/\/www.guerini.it\/wp-content\/uploads\/2015\/07\/Popolari_addio_sito.jpg 244w, https:\/\/www.guerini.it\/wp-content\/uploads\/2015\/07\/Popolari_addio_sito-207x300.jpg 207w\" sizes=\"(max-width: 244px) 100vw, 244px\" \/><\/a><\/span><\/p>\n<\/div>\n","protected":false},"excerpt":{"rendered":"<p>BANCHE POPOLARI | Fabi: qualunque fondo straniero potr\u00e0 scalarle. Ecco perch\u00e9 gli eurodeputati italiani devono agire Il decreto che obbliga le banche popolari pi\u00f9 grandi a convertirsi in Spa mette [&hellip;]<\/p>\n","protected":false},"author":1,"featured_media":11997,"comment_status":"open","ping_status":"open","sticky":false,"template":"","format":"standard","meta":{"_editorskit_title_hidden":false,"_editorskit_reading_time":0,"_editorskit_is_block_options_detached":false,"_editorskit_block_options_position":"{}","_monsterinsights_skip_tracking":false,"_monsterinsights_sitenote_active":false,"_monsterinsights_sitenote_note":"","_monsterinsights_sitenote_category":0,"footnotes":""},"categories":[83,121],"tags":[],"class_list":["post-12000","post","type-post","status-publish","format-standard","has-post-thumbnail","hentry","category-attualita","category-economia"],"yoast_head":"<!-- This site is optimized with the Yoast SEO plugin v25.4 - https:\/\/yoast.com\/wordpress\/plugins\/seo\/ -->\n<title>Popolari addio? Intervista a Gianfranco Fabi - Guerini e Associati<\/title>\n<meta name=\"robots\" content=\"index, follow, max-snippet:-1, max-image-preview:large, max-video-preview:-1\" \/>\n<link rel=\"canonical\" href=\"https:\/\/www.guerini.it\/index.php\/intervistafabi\/\" \/>\n<meta property=\"og:locale\" content=\"it_IT\" \/>\n<meta property=\"og:type\" content=\"article\" \/>\n<meta property=\"og:title\" content=\"Popolari addio? Intervista a Gianfranco Fabi - Guerini e Associati\" \/>\n<meta property=\"og:description\" content=\"BANCHE POPOLARI | Fabi: qualunque fondo straniero potr\u00e0 scalarle. Ecco perch\u00e9 gli eurodeputati italiani devono agire Il decreto che obbliga le banche popolari pi\u00f9 grandi a convertirsi in Spa mette [&hellip;]\" \/>\n<meta property=\"og:url\" content=\"https:\/\/www.guerini.it\/index.php\/intervistafabi\/\" \/>\n<meta property=\"og:site_name\" content=\"Guerini e Associati\" \/>\n<meta property=\"article:published_time\" content=\"2015-07-16T11:25:06+00:00\" \/>\n<meta property=\"article:modified_time\" content=\"2021-03-03T16:28:23+00:00\" \/>\n<meta property=\"og:image\" content=\"https:\/\/www.guerini.it\/wp-content\/uploads\/2015\/07\/foto_crema_fabi.jpg\" \/>\n\t<meta property=\"og:image:width\" content=\"954\" \/>\n\t<meta property=\"og:image:height\" content=\"779\" \/>\n\t<meta property=\"og:image:type\" content=\"image\/jpeg\" \/>\n<meta name=\"author\" content=\"Erald\" \/>\n<meta name=\"twitter:card\" content=\"summary_large_image\" \/>\n<meta name=\"twitter:label1\" content=\"Scritto da\" \/>\n\t<meta name=\"twitter:data1\" content=\"Erald\" \/>\n\t<meta name=\"twitter:label2\" content=\"Tempo di lettura stimato\" \/>\n\t<meta name=\"twitter:data2\" content=\"6 minuti\" \/>\n<!-- \/ Yoast SEO plugin. -->","yoast_head_json":{"title":"Popolari addio? Intervista a Gianfranco Fabi - Guerini e Associati","robots":{"index":"index","follow":"follow","max-snippet":"max-snippet:-1","max-image-preview":"max-image-preview:large","max-video-preview":"max-video-preview:-1"},"canonical":"https:\/\/www.guerini.it\/index.php\/intervistafabi\/","og_locale":"it_IT","og_type":"article","og_title":"Popolari addio? Intervista a Gianfranco Fabi - Guerini e Associati","og_description":"BANCHE POPOLARI | Fabi: qualunque fondo straniero potr\u00e0 scalarle. Ecco perch\u00e9 gli eurodeputati italiani devono agire Il decreto che obbliga le banche popolari pi\u00f9 grandi a convertirsi in Spa mette [&hellip;]","og_url":"https:\/\/www.guerini.it\/index.php\/intervistafabi\/","og_site_name":"Guerini e Associati","article_published_time":"2015-07-16T11:25:06+00:00","article_modified_time":"2021-03-03T16:28:23+00:00","og_image":[{"width":954,"height":779,"url":"https:\/\/www.guerini.it\/wp-content\/uploads\/2015\/07\/foto_crema_fabi.jpg","type":"image\/jpeg"}],"author":"Erald","twitter_card":"summary_large_image","twitter_misc":{"Scritto da":"Erald","Tempo di lettura stimato":"6 minuti"},"schema":{"@context":"https:\/\/schema.org","@graph":[{"@type":"Article","@id":"https:\/\/www.guerini.it\/index.php\/intervistafabi\/#article","isPartOf":{"@id":"https:\/\/www.guerini.it\/index.php\/intervistafabi\/"},"author":{"name":"Erald","@id":"https:\/\/www.guerini.it\/#\/schema\/person\/8baa22d1aa68b21f2fb7d4e8ed5944e4"},"headline":"Popolari addio? Intervista a Gianfranco Fabi","datePublished":"2015-07-16T11:25:06+00:00","dateModified":"2021-03-03T16:28:23+00:00","mainEntityOfPage":{"@id":"https:\/\/www.guerini.it\/index.php\/intervistafabi\/"},"wordCount":1038,"commentCount":0,"publisher":{"@id":"https:\/\/www.guerini.it\/#organization"},"image":{"@id":"https:\/\/www.guerini.it\/index.php\/intervistafabi\/#primaryimage"},"thumbnailUrl":"https:\/\/www.guerini.it\/wp-content\/uploads\/2015\/07\/foto_crema_fabi.jpg","articleSection":["Attualit\u00e0","Economia"],"inLanguage":"it-IT","potentialAction":[{"@type":"CommentAction","name":"Comment","target":["https:\/\/www.guerini.it\/index.php\/intervistafabi\/#respond"]}]},{"@type":"WebPage","@id":"https:\/\/www.guerini.it\/index.php\/intervistafabi\/","url":"https:\/\/www.guerini.it\/index.php\/intervistafabi\/","name":"Popolari addio? Intervista a Gianfranco Fabi - Guerini e Associati","isPartOf":{"@id":"https:\/\/www.guerini.it\/#website"},"primaryImageOfPage":{"@id":"https:\/\/www.guerini.it\/index.php\/intervistafabi\/#primaryimage"},"image":{"@id":"https:\/\/www.guerini.it\/index.php\/intervistafabi\/#primaryimage"},"thumbnailUrl":"https:\/\/www.guerini.it\/wp-content\/uploads\/2015\/07\/foto_crema_fabi.jpg","datePublished":"2015-07-16T11:25:06+00:00","dateModified":"2021-03-03T16:28:23+00:00","breadcrumb":{"@id":"https:\/\/www.guerini.it\/index.php\/intervistafabi\/#breadcrumb"},"inLanguage":"it-IT","potentialAction":[{"@type":"ReadAction","target":["https:\/\/www.guerini.it\/index.php\/intervistafabi\/"]}]},{"@type":"ImageObject","inLanguage":"it-IT","@id":"https:\/\/www.guerini.it\/index.php\/intervistafabi\/#primaryimage","url":"https:\/\/www.guerini.it\/wp-content\/uploads\/2015\/07\/foto_crema_fabi.jpg","contentUrl":"https:\/\/www.guerini.it\/wp-content\/uploads\/2015\/07\/foto_crema_fabi.jpg","width":954,"height":779,"caption":"Credits: Raffaele Castagna"},{"@type":"BreadcrumbList","@id":"https:\/\/www.guerini.it\/index.php\/intervistafabi\/#breadcrumb","itemListElement":[{"@type":"ListItem","position":1,"name":"Home","item":"https:\/\/www.guerini.it\/"},{"@type":"ListItem","position":2,"name":"Popolari addio? Intervista a Gianfranco Fabi"}]},{"@type":"WebSite","@id":"https:\/\/www.guerini.it\/#website","url":"https:\/\/www.guerini.it\/","name":"Guerini e Associati","description":"30 anni di libri, idee e libert\u00e0","publisher":{"@id":"https:\/\/www.guerini.it\/#organization"},"potentialAction":[{"@type":"SearchAction","target":{"@type":"EntryPoint","urlTemplate":"https:\/\/www.guerini.it\/?s={search_term_string}"},"query-input":{"@type":"PropertyValueSpecification","valueRequired":true,"valueName":"search_term_string"}}],"inLanguage":"it-IT"},{"@type":"Organization","@id":"https:\/\/www.guerini.it\/#organization","name":"Guerini e Associati","url":"https:\/\/www.guerini.it\/","logo":{"@type":"ImageObject","inLanguage":"it-IT","@id":"https:\/\/www.guerini.it\/#\/schema\/logo\/image\/","url":"https:\/\/www.guerini.it\/wp-content\/uploads\/2021\/03\/Logo-Guerini-OK_-e1615831292285.png","contentUrl":"https:\/\/www.guerini.it\/wp-content\/uploads\/2021\/03\/Logo-Guerini-OK_-e1615831292285.png","width":2805,"height":1870,"caption":"Guerini e Associati"},"image":{"@id":"https:\/\/www.guerini.it\/#\/schema\/logo\/image\/"}},{"@type":"Person","@id":"https:\/\/www.guerini.it\/#\/schema\/person\/8baa22d1aa68b21f2fb7d4e8ed5944e4","name":"Erald","image":{"@type":"ImageObject","inLanguage":"it-IT","@id":"https:\/\/www.guerini.it\/#\/schema\/person\/image\/","url":"https:\/\/secure.gravatar.com\/avatar\/1b7180ce83969ed2f4ef55a1842d33ffb57fcef505ace0029100d7889aabc64a?s=96&d=mm&r=g","contentUrl":"https:\/\/secure.gravatar.com\/avatar\/1b7180ce83969ed2f4ef55a1842d33ffb57fcef505ace0029100d7889aabc64a?s=96&d=mm&r=g","caption":"Erald"},"sameAs":["https:\/\/guerini.kiminet.it"],"url":"https:\/\/www.guerini.it\/index.php\/author\/erald\/"}]}},"_links":{"self":[{"href":"https:\/\/www.guerini.it\/index.php\/wp-json\/wp\/v2\/posts\/12000","targetHints":{"allow":["GET"]}}],"collection":[{"href":"https:\/\/www.guerini.it\/index.php\/wp-json\/wp\/v2\/posts"}],"about":[{"href":"https:\/\/www.guerini.it\/index.php\/wp-json\/wp\/v2\/types\/post"}],"author":[{"embeddable":true,"href":"https:\/\/www.guerini.it\/index.php\/wp-json\/wp\/v2\/users\/1"}],"replies":[{"embeddable":true,"href":"https:\/\/www.guerini.it\/index.php\/wp-json\/wp\/v2\/comments?post=12000"}],"version-history":[{"count":6,"href":"https:\/\/www.guerini.it\/index.php\/wp-json\/wp\/v2\/posts\/12000\/revisions"}],"predecessor-version":[{"id":21037,"href":"https:\/\/www.guerini.it\/index.php\/wp-json\/wp\/v2\/posts\/12000\/revisions\/21037"}],"wp:featuredmedia":[{"embeddable":true,"href":"https:\/\/www.guerini.it\/index.php\/wp-json\/wp\/v2\/media\/11997"}],"wp:attachment":[{"href":"https:\/\/www.guerini.it\/index.php\/wp-json\/wp\/v2\/media?parent=12000"}],"wp:term":[{"taxonomy":"category","embeddable":true,"href":"https:\/\/www.guerini.it\/index.php\/wp-json\/wp\/v2\/categories?post=12000"},{"taxonomy":"post_tag","embeddable":true,"href":"https:\/\/www.guerini.it\/index.php\/wp-json\/wp\/v2\/tags?post=12000"}],"curies":[{"name":"wp","href":"https:\/\/api.w.org\/{rel}","templated":true}]}}