{"id":1512,"date":"2020-02-26T10:05:18","date_gmt":"2020-02-26T09:05:18","guid":{"rendered":"https:\/\/guerini.it\/cms\/?p=1512"},"modified":"2021-03-13T16:21:46","modified_gmt":"2021-03-13T15:21:46","slug":"questione-di-meritodieci-proposte-per-litalia-di-maria-cristina-origlia","status":"publish","type":"post","link":"https:\/\/www.guerini.it\/index.php\/questione-di-meritodieci-proposte-per-litalia-di-maria-cristina-origlia\/","title":{"rendered":"Questione di merito. Dieci proposte per l&#8217;Italia | di Maria Cristina Origlia"},"content":{"rendered":"\n<div class=\"wp-block-image is-style-editorskit-shadow\"><figure class=\"aligncenter size-large is-resized\"><img loading=\"lazy\" decoding=\"async\" src=\"https:\/\/www.guerini.it\/wp-content\/uploads\/2021\/03\/Front-Cover-QUESTIONI-DI-MERITO-683x1024.jpg\" alt=\"\" class=\"wp-image-21518\" width=\"342\" height=\"512\" srcset=\"https:\/\/www.guerini.it\/wp-content\/uploads\/2021\/03\/Front-Cover-QUESTIONI-DI-MERITO-683x1024.jpg 683w, https:\/\/www.guerini.it\/wp-content\/uploads\/2021\/03\/Front-Cover-QUESTIONI-DI-MERITO-200x300.jpg 200w, https:\/\/www.guerini.it\/wp-content\/uploads\/2021\/03\/Front-Cover-QUESTIONI-DI-MERITO-768x1152.jpg 768w, https:\/\/www.guerini.it\/wp-content\/uploads\/2021\/03\/Front-Cover-QUESTIONI-DI-MERITO-1024x1536.jpg 1024w, https:\/\/www.guerini.it\/wp-content\/uploads\/2021\/03\/Front-Cover-QUESTIONI-DI-MERITO-1366x2048.jpg 1366w, https:\/\/www.guerini.it\/wp-content\/uploads\/2021\/03\/Front-Cover-QUESTIONI-DI-MERITO-300x450.jpg 300w, https:\/\/www.guerini.it\/wp-content\/uploads\/2021\/03\/Front-Cover-QUESTIONI-DI-MERITO-600x900.jpg 600w, https:\/\/www.guerini.it\/wp-content\/uploads\/2021\/03\/Front-Cover-QUESTIONI-DI-MERITO-64x96.jpg 64w, https:\/\/www.guerini.it\/wp-content\/uploads\/2021\/03\/Front-Cover-QUESTIONI-DI-MERITO.jpg 1654w\" sizes=\"auto, (max-width: 342px) 100vw, 342px\" \/><\/figure><\/div>\n\n\n\n<h2 class=\"wp-block-heading\">Introduzione<\/h2>\n\n\n\n<p class=\"has-text-align-left\">Dar forma e contenuto alla nostra esistenza umana \u00e8 questione di merito, perch\u00e9 implica assumersi la responsabilit\u00e0 di esercitare il potere di autodeterminazione di cui disponiamo.<br>Secondo tale punto di vista, i ritratti dei dieci protagonisti che animano queste pagine sono, innanzitutto, storie di merito. Storie di prestigiosi esponenti del mondo economico, filosofico e scientifico italiano che hanno costruito le loro carriere sull\u2019impegno, sulla seriet\u00e0 e sul rispetto nei confronti di loro stessi, della collettivit\u00e0 e del paese. Narrazioni di vita, che offrono una prospettiva per il futuro dell\u2019Italia, riaffermando il valore dello studio, del sacrificio,&nbsp; dell\u2019importanza di conquiste meritate. Un libro che vuole assolvere quasi a un dovere civile, ispirando i giovani e rassicurando i meno giovani sull\u2019importanza delle scelte individuali e del contributo che ciascuno di noi pu\u00f2 dare nel costruire una societ\u00e0 basata su principi sani e stimolanti.<br>\u00c8 con questo spirito che l\u2019ho scritto. Ed \u00e8 probabile che la sua genesi affondi le radici nel fascino irresistibile che la ricerca della vocazione e del senso della propria esistenza ha sempre esercitato su di me. Alla Proust, certo, ma anche pi\u00f9 prosaicamente alla Sir Kenneth Robinson, esperto mondiale di sviluppo delle capacit\u00e0 individuali, che identifica nel punto di incontro tra attitudini naturali e gratificazione nell\u2019esprimerle la fonte di quell\u2019energia vitale, che consente di riconoscere il proprio senso di identit\u00e0 e di immaginare il proprio futuro.<br>Ma \u00e8 altrettanto probabile che non avrei riportato per&nbsp;iscritto i miei pensieri, se le circostanze della vita non mi avessero sfidato, mettendomi nelle condizioni di riflettere su che cosa distingua una societ\u00e0 volta al ben-essere.<br>Sul fatto che al contributo individuale per nutrire la tensione collettiva debba corrispondere un contesto capace di favorire la piena espressione e riconoscere il valore delle persone. Un diritto che dovrebbe essere garantito a tutti, limitando ogni forma di discriminazione e ingiustizia, per creare quel capitale sociale che \u00e8 la vera ricchezza di una nazione.<br>Ecco perch\u00e9 desidero chiarire che questo non \u00e8 un libro sulla retorica dei talenti, quanto un omaggio a chi \u2013 forte di solide qualit\u00e0 umane e competenze professionali \u2013 ha sviluppato una visione tesa al miglioramento del paese e si adopera costantemente per perseguirla, senza paura di esporsi, prendendo posizione con coraggio e orgoglio. Sono questi i criteri che mi hanno guidato nella scelta dei dieci protagonisti, oltre al requisito indispensabile dell\u2019indipendenza da interessi privati \u2013 per tale motivo non vi sono imprenditori \u2013 e da impegni attivi in politica. Almeno per il momento.<br>Ed eccoli: dalla virologa Ilaria Capua, sopravvissuta a testa alta a una delle vicende giudiziarie pi\u00f9 vergognose della storia italiana, con il suo impegno nel rivoluzionare l\u2019approccio alla salute, a Leonardo Becchetti, tra le principali voci dell\u2019economia civile, con il suo fattivo contributo allo sviluppo di un\u2019economia sempre pi\u00f9 generativa; da Daniela Del Boca, tra i pionieri dell\u2019economia della famiglia e della partecipazione delle donne al mercato del lavoro, a Marco Bentivogli, sindacalista controcorrente, con la sua profonda fiducia nelle potenzialit\u00e0 dell\u2019innovazione 4.0 contro i tecnofobi di ogni natura; da Giovanna Melandri, che dopo ventidue anni di impegno politico si \u00e8 rimessa in gioco accettando la sfida del Maxxi &#8211; Museo nazionale delle arti del XXI secolo e, poi, promuovendo l\u2019affermazione della finanza d\u2019impatto con Human Foundation, allo scienziato Roberto Cingolani che ha fatto dell\u2019Istituto italiano di tecnologia un gioiello noto in tutto il mondo, sfidando il \u00abvecchio mondo antico\u00bb che ancora imperversa in Italia. E, ancora, da Alessandra Perrazzelli, un esempio di rara professionalit\u00e0 e capacit\u00e0 di affermare la visione femminile nel business, a partire dalla finanza, all\u2019economista Carlo Cottarelli, che ha scelto la \u00abprofessione\u00bb di predicatore per diffondere la cultura della spesa pubblica nel paese, sino a Federica Saliola, che dalla World Bank lavora per suggerire le migliori policy di crescita sostenibile e inclusiva alle nazioni.<br>Per concludere con il filosofo Luciano Floridi, che con i suoi studi sull\u2019etica del digitale lavora alla definizione di un nuovo modo di pensare e interpretare il nostro tempo.<br>Per quanto possibile, li ho raggiunti nelle loro dimore, nei loro studi, nei loro luoghi, consapevole di quanto gli spazi che abitiamo raccontino delle nostre identit\u00e0, dei nostri valori, dei nostri comportamenti. Quando le circostanze l\u2019hanno impedito, li ho incontrati in contesti pubblici o nell\u2019etere della rete che tutti connette. Di ciascuno, ho avuto il piacere di ascoltare e assaporare il racconto di vita e di lavoro, colorato dalle loro spiccate personalit\u00e0, in conversazioni fitte di ricordi, ricche di sogni e di ambizioni, costellate di traguardi guadagnati con intraprendenza e perseveranza. Conversazioni, dunque, pi\u00f9 che interviste, in cui ho scelto di mantenere il modo di parlare e intercalare di ciascuno \u2013 a volte, anche a discapito della forma \u2013 pur di restituirne l\u2019autenticit\u00e0 e la simpatia.<br>Non nascondo che sono rimasta sorpresa dalla generosit\u00e0 con cui si sono rivelati, mostrando, oltre al loro valore di essere umani, la capacit\u00e0 di trascendere il loro vissuto e offrire un approdo, un punto di riferimento e di confronto, ispirando chi \u00e8 in cerca del proprio percorso.<br>Non so se sono io ad aver operato la scelta giusta o sono state, piuttosto, le insondabili regole dell\u2019universo a determinare il nostro incontro, ma so che ne \u00e8 emerso un ritratto corale di struggente umanit\u00e0 e mirabile capacit\u00e0 di visione.<\/p>\n\n\n\n<p class=\"has-text-align-left\"><em>I diritti d\u2019autrice del libro sono devoluti all\u2019associazione no profit Forum della Meritocrazia, affinch\u00e9 possa perseguire sempre meglio il proposito di diffondere la cultura del Merito nel mercato del lavoro e nella societ\u00e0 italiana.<\/em><\/p>\n","protected":false},"excerpt":{"rendered":"<p>Introduzione Dar forma e contenuto alla nostra esistenza umana \u00e8 questione di merito, perch\u00e9 implica assumersi la responsabilit\u00e0 di esercitare il potere di autodeterminazione di cui disponiamo.Secondo tale punto di [&hellip;]<\/p>\n","protected":false},"author":3,"featured_media":21518,"comment_status":"closed","ping_status":"open","sticky":false,"template":"","format":"standard","meta":{"_editorskit_title_hidden":false,"_editorskit_reading_time":3,"_editorskit_is_block_options_detached":false,"_editorskit_block_options_position":"{}","_monsterinsights_skip_tracking":false,"_monsterinsights_sitenote_active":false,"_monsterinsights_sitenote_note":"","_monsterinsights_sitenote_category":0,"footnotes":""},"categories":[83,121],"tags":[245,246,247,248],"class_list":["post-1512","post","type-post","status-publish","format-standard","has-post-thumbnail","hentry","category-attualita","category-economia","tag-cottarelli","tag-maria-cristina-origlia","tag-merito","tag-meritocrazia"],"yoast_head":"<!-- This site is optimized with the Yoast SEO plugin v25.4 - https:\/\/yoast.com\/wordpress\/plugins\/seo\/ -->\n<title>Questione di merito. Dieci proposte per l&#039;Italia | di Maria Cristina Origlia - Guerini e Associati<\/title>\n<meta name=\"robots\" content=\"index, follow, max-snippet:-1, max-image-preview:large, max-video-preview:-1\" \/>\n<link rel=\"canonical\" href=\"https:\/\/www.guerini.it\/index.php\/questione-di-meritodieci-proposte-per-litalia-di-maria-cristina-origlia\/\" \/>\n<meta property=\"og:locale\" content=\"it_IT\" \/>\n<meta property=\"og:type\" content=\"article\" \/>\n<meta property=\"og:title\" content=\"Questione di merito. Dieci proposte per l&#039;Italia | di Maria Cristina Origlia - Guerini e Associati\" \/>\n<meta property=\"og:description\" content=\"Introduzione Dar forma e contenuto alla nostra esistenza umana \u00e8 questione di merito, perch\u00e9 implica assumersi la responsabilit\u00e0 di esercitare il potere di autodeterminazione di cui disponiamo.Secondo tale punto di [&hellip;]\" \/>\n<meta property=\"og:url\" content=\"https:\/\/www.guerini.it\/index.php\/questione-di-meritodieci-proposte-per-litalia-di-maria-cristina-origlia\/\" \/>\n<meta property=\"og:site_name\" content=\"Guerini e Associati\" \/>\n<meta property=\"article:published_time\" content=\"2020-02-26T09:05:18+00:00\" \/>\n<meta property=\"article:modified_time\" content=\"2021-03-13T15:21:46+00:00\" \/>\n<meta property=\"og:image\" content=\"https:\/\/www.guerini.it\/wp-content\/uploads\/2021\/03\/Front-Cover-QUESTIONI-DI-MERITO.jpg\" \/>\n\t<meta property=\"og:image:width\" content=\"1654\" \/>\n\t<meta property=\"og:image:height\" content=\"2480\" \/>\n\t<meta property=\"og:image:type\" content=\"image\/jpeg\" \/>\n<meta name=\"author\" content=\"guerini\" \/>\n<meta name=\"twitter:card\" content=\"summary_large_image\" \/>\n<meta name=\"twitter:label1\" content=\"Scritto da\" \/>\n\t<meta name=\"twitter:data1\" content=\"guerini\" \/>\n\t<meta name=\"twitter:label2\" content=\"Tempo di lettura stimato\" \/>\n\t<meta name=\"twitter:data2\" content=\"5 minuti\" \/>\n<!-- \/ Yoast SEO plugin. -->","yoast_head_json":{"title":"Questione di merito. Dieci proposte per l'Italia | di Maria Cristina Origlia - Guerini e Associati","robots":{"index":"index","follow":"follow","max-snippet":"max-snippet:-1","max-image-preview":"max-image-preview:large","max-video-preview":"max-video-preview:-1"},"canonical":"https:\/\/www.guerini.it\/index.php\/questione-di-meritodieci-proposte-per-litalia-di-maria-cristina-origlia\/","og_locale":"it_IT","og_type":"article","og_title":"Questione di merito. Dieci proposte per l'Italia | di Maria Cristina Origlia - Guerini e Associati","og_description":"Introduzione Dar forma e contenuto alla nostra esistenza umana \u00e8 questione di merito, perch\u00e9 implica assumersi la responsabilit\u00e0 di esercitare il potere di autodeterminazione di cui disponiamo.Secondo tale punto di [&hellip;]","og_url":"https:\/\/www.guerini.it\/index.php\/questione-di-meritodieci-proposte-per-litalia-di-maria-cristina-origlia\/","og_site_name":"Guerini e Associati","article_published_time":"2020-02-26T09:05:18+00:00","article_modified_time":"2021-03-13T15:21:46+00:00","og_image":[{"width":1654,"height":2480,"url":"https:\/\/www.guerini.it\/wp-content\/uploads\/2021\/03\/Front-Cover-QUESTIONI-DI-MERITO.jpg","type":"image\/jpeg"}],"author":"guerini","twitter_card":"summary_large_image","twitter_misc":{"Scritto da":"guerini","Tempo di lettura stimato":"5 minuti"},"schema":{"@context":"https:\/\/schema.org","@graph":[{"@type":"Article","@id":"https:\/\/www.guerini.it\/index.php\/questione-di-meritodieci-proposte-per-litalia-di-maria-cristina-origlia\/#article","isPartOf":{"@id":"https:\/\/www.guerini.it\/index.php\/questione-di-meritodieci-proposte-per-litalia-di-maria-cristina-origlia\/"},"author":{"name":"guerini","@id":"https:\/\/www.guerini.it\/#\/schema\/person\/1dcd367f3fc50ffa00b86446386464c2"},"headline":"Questione di merito. Dieci proposte per l&#8217;Italia | di Maria Cristina Origlia","datePublished":"2020-02-26T09:05:18+00:00","dateModified":"2021-03-13T15:21:46+00:00","mainEntityOfPage":{"@id":"https:\/\/www.guerini.it\/index.php\/questione-di-meritodieci-proposte-per-litalia-di-maria-cristina-origlia\/"},"wordCount":931,"publisher":{"@id":"https:\/\/www.guerini.it\/#organization"},"image":{"@id":"https:\/\/www.guerini.it\/index.php\/questione-di-meritodieci-proposte-per-litalia-di-maria-cristina-origlia\/#primaryimage"},"thumbnailUrl":"https:\/\/www.guerini.it\/wp-content\/uploads\/2021\/03\/Front-Cover-QUESTIONI-DI-MERITO.jpg","keywords":["cottarelli","maria cristina origlia","merito","meritocrazia"],"articleSection":["Attualit\u00e0","Economia"],"inLanguage":"it-IT"},{"@type":"WebPage","@id":"https:\/\/www.guerini.it\/index.php\/questione-di-meritodieci-proposte-per-litalia-di-maria-cristina-origlia\/","url":"https:\/\/www.guerini.it\/index.php\/questione-di-meritodieci-proposte-per-litalia-di-maria-cristina-origlia\/","name":"Questione di merito. Dieci proposte per l'Italia | di Maria Cristina Origlia - Guerini e Associati","isPartOf":{"@id":"https:\/\/www.guerini.it\/#website"},"primaryImageOfPage":{"@id":"https:\/\/www.guerini.it\/index.php\/questione-di-meritodieci-proposte-per-litalia-di-maria-cristina-origlia\/#primaryimage"},"image":{"@id":"https:\/\/www.guerini.it\/index.php\/questione-di-meritodieci-proposte-per-litalia-di-maria-cristina-origlia\/#primaryimage"},"thumbnailUrl":"https:\/\/www.guerini.it\/wp-content\/uploads\/2021\/03\/Front-Cover-QUESTIONI-DI-MERITO.jpg","datePublished":"2020-02-26T09:05:18+00:00","dateModified":"2021-03-13T15:21:46+00:00","breadcrumb":{"@id":"https:\/\/www.guerini.it\/index.php\/questione-di-meritodieci-proposte-per-litalia-di-maria-cristina-origlia\/#breadcrumb"},"inLanguage":"it-IT","potentialAction":[{"@type":"ReadAction","target":["https:\/\/www.guerini.it\/index.php\/questione-di-meritodieci-proposte-per-litalia-di-maria-cristina-origlia\/"]}]},{"@type":"ImageObject","inLanguage":"it-IT","@id":"https:\/\/www.guerini.it\/index.php\/questione-di-meritodieci-proposte-per-litalia-di-maria-cristina-origlia\/#primaryimage","url":"https:\/\/www.guerini.it\/wp-content\/uploads\/2021\/03\/Front-Cover-QUESTIONI-DI-MERITO.jpg","contentUrl":"https:\/\/www.guerini.it\/wp-content\/uploads\/2021\/03\/Front-Cover-QUESTIONI-DI-MERITO.jpg","width":1654,"height":2480},{"@type":"BreadcrumbList","@id":"https:\/\/www.guerini.it\/index.php\/questione-di-meritodieci-proposte-per-litalia-di-maria-cristina-origlia\/#breadcrumb","itemListElement":[{"@type":"ListItem","position":1,"name":"Home","item":"https:\/\/www.guerini.it\/"},{"@type":"ListItem","position":2,"name":"Questione di merito. Dieci proposte per l&#8217;Italia | di Maria Cristina Origlia"}]},{"@type":"WebSite","@id":"https:\/\/www.guerini.it\/#website","url":"https:\/\/www.guerini.it\/","name":"Guerini e Associati","description":"30 anni di libri, idee e libert\u00e0","publisher":{"@id":"https:\/\/www.guerini.it\/#organization"},"potentialAction":[{"@type":"SearchAction","target":{"@type":"EntryPoint","urlTemplate":"https:\/\/www.guerini.it\/?s={search_term_string}"},"query-input":{"@type":"PropertyValueSpecification","valueRequired":true,"valueName":"search_term_string"}}],"inLanguage":"it-IT"},{"@type":"Organization","@id":"https:\/\/www.guerini.it\/#organization","name":"Guerini e Associati","url":"https:\/\/www.guerini.it\/","logo":{"@type":"ImageObject","inLanguage":"it-IT","@id":"https:\/\/www.guerini.it\/#\/schema\/logo\/image\/","url":"https:\/\/www.guerini.it\/wp-content\/uploads\/2021\/03\/Logo-Guerini-OK_-e1615831292285.png","contentUrl":"https:\/\/www.guerini.it\/wp-content\/uploads\/2021\/03\/Logo-Guerini-OK_-e1615831292285.png","width":2805,"height":1870,"caption":"Guerini e Associati"},"image":{"@id":"https:\/\/www.guerini.it\/#\/schema\/logo\/image\/"}},{"@type":"Person","@id":"https:\/\/www.guerini.it\/#\/schema\/person\/1dcd367f3fc50ffa00b86446386464c2","name":"guerini","image":{"@type":"ImageObject","inLanguage":"it-IT","@id":"https:\/\/www.guerini.it\/#\/schema\/person\/image\/","url":"https:\/\/secure.gravatar.com\/avatar\/?s=96&d=mm&r=g","contentUrl":"https:\/\/secure.gravatar.com\/avatar\/?s=96&d=mm&r=g","caption":"guerini"},"url":"https:\/\/www.guerini.it\/index.php\/author\/guerini\/"}]}},"_links":{"self":[{"href":"https:\/\/www.guerini.it\/index.php\/wp-json\/wp\/v2\/posts\/1512","targetHints":{"allow":["GET"]}}],"collection":[{"href":"https:\/\/www.guerini.it\/index.php\/wp-json\/wp\/v2\/posts"}],"about":[{"href":"https:\/\/www.guerini.it\/index.php\/wp-json\/wp\/v2\/types\/post"}],"author":[{"embeddable":true,"href":"https:\/\/www.guerini.it\/index.php\/wp-json\/wp\/v2\/users\/3"}],"replies":[{"embeddable":true,"href":"https:\/\/www.guerini.it\/index.php\/wp-json\/wp\/v2\/comments?post=1512"}],"version-history":[{"count":2,"href":"https:\/\/www.guerini.it\/index.php\/wp-json\/wp\/v2\/posts\/1512\/revisions"}],"predecessor-version":[{"id":21521,"href":"https:\/\/www.guerini.it\/index.php\/wp-json\/wp\/v2\/posts\/1512\/revisions\/21521"}],"wp:featuredmedia":[{"embeddable":true,"href":"https:\/\/www.guerini.it\/index.php\/wp-json\/wp\/v2\/media\/21518"}],"wp:attachment":[{"href":"https:\/\/www.guerini.it\/index.php\/wp-json\/wp\/v2\/media?parent=1512"}],"wp:term":[{"taxonomy":"category","embeddable":true,"href":"https:\/\/www.guerini.it\/index.php\/wp-json\/wp\/v2\/categories?post=1512"},{"taxonomy":"post_tag","embeddable":true,"href":"https:\/\/www.guerini.it\/index.php\/wp-json\/wp\/v2\/tags?post=1512"}],"curies":[{"name":"wp","href":"https:\/\/api.w.org\/{rel}","templated":true}]}}