{"id":21785,"date":"2021-03-22T18:54:29","date_gmt":"2021-03-22T17:54:29","guid":{"rendered":"https:\/\/www.guerini.it\/?p=21785"},"modified":"2021-03-25T10:26:44","modified_gmt":"2021-03-25T09:26:44","slug":"i-veleni-del-cremlino","status":"publish","type":"post","link":"https:\/\/www.guerini.it\/index.php\/i-veleni-del-cremlino\/","title":{"rendered":"I veleni del Cremlino. Gli omicidi politici in Russia da Lenin a Putin"},"content":{"rendered":"\n<h2 class=\"wp-block-heading\">Alta tensione tra Stati Uniti e Russia: le recenti dichiarazioni di Joe Biden riaccendono i riflettori sull\u2019avvelenamento di Navalny, l\u2019ultimo di una lunga lista. Nel saggio <em><a href=\"https:\/\/www.guerini.it\/index.php\/prodotto\/i-veleni-del-cremlino\/\" class=\"ek-link\">I Veleni del Cremlino<\/a><\/em> Arkadi Vaksberg ripercorre la storia della Russia attraverso omicidi politici, avvelenamenti e sparizioni sospette<\/h2>\n\n\n\n<!--more-->\n\n\n\n<figure class=\"wp-block-image size-large\"><img loading=\"lazy\" decoding=\"async\" width=\"1024\" height=\"683\" src=\"https:\/\/www.guerini.it\/wp-content\/uploads\/2021\/03\/cornerhouse-2508594_1920-1024x683.jpg\" alt=\"\" class=\"wp-image-21792\"\/><figcaption>Foto di <a href=\"https:\/\/pixabay.com\/it\/users\/catharinarytter-1006090\/?utm_source=link-attribution&amp;utm_medium=referral&amp;utm_campaign=image&amp;utm_content=2508594\" class=\"ek-link broken_link\">Catharina Rytter<\/a> da <a href=\"https:\/\/pixabay.com\/it\/?utm_source=link-attribution&amp;utm_medium=referral&amp;utm_campaign=image&amp;utm_content=2508594\" class=\"broken_link\">Pixabay<\/a><\/figcaption><\/figure>\n\n\n\n<p><strong>\u00abPutin \u00e8 un killer? Credo di s\u00ec\u00bb<\/strong>. Le recenti dichiarazioni del neo Presidente degli Stati Uniti Joe Biden riaccendono le tensioni tra Usa e Russia. Biden, durante un\u2019intervista andata in onda nei giorni scorsi sull\u2019emittente ABC, si \u00e8 espresso infatti in termini piuttosto netti: \u00abPutin pagher\u00e0 un prezzo. Abbiamo avuto una lunga conversazione, io e lui. Lo conosco piuttosto bene. E all\u2019inizio della conversazione gli ho detto: &#8220;Io conosco te, e tu conosci me. Se arriver\u00f2 alla conclusione che ci\u00f2 \u00e8 avvenuto, preparati\u201d\u00bb. Il riferimento all\u2019avvelenamento di Navalny dello scorso agosto \u00e8 chiaro, e la risposta del Cremlino, che ha parlato di un vero e proprio \u00abattacco alla Russia\u00bb, non si \u00e8 fatta attendere.<\/p>\n\n\n\n<p>Queste dichiarazioni, che hanno risvegliato uno scontro rimasto sopito durante tutto il mandato di Trump, hanno molto a che vedere con il discorso legato al rispetto dei diritti umani e la promozione della democrazia, due elementi cardine che Biden ha rimesso al centro della politica estera americana. Questo gli impedisce di <em>tollerare<\/em> usi e abusi di potere di Putin, come il tentativo di eliminare il suo oppositore Navalny. Ma quali sono questi abusi, che storia hanno e come si intrecciano con l\u2019amministrazione del potere in Russia?<\/p>\n\n\n\n<p>Proprio di avvelenamenti e sparizioni sospette parla il libro<em><strong><a href=\"https:\/\/www.guerini.it\/index.php\/prodotto\/i-veleni-del-cremlino\/\" class=\"ek-link\"> I veleni del Cremlino. Gli omicidi politici in Russia da Lenin a Putin<\/a><\/strong><\/em> di <strong>Arkadi Vaksberg<\/strong>, giurista, giornalista e drammaturgo russo scomparso nel 2011: un saggio documentato, amaro e appassionato che ricostruisce la storia della Russia in ottant\u2019anni di omicidi politici, dalle fucilazioni di massa degli anni venti alle morti pi\u00f9 so<strong>spe<\/strong>tte post-URSS. Perch\u00e9 <strong>il potere russo, prima sovietico e poi autocratico, secondo Vaksberg si regge su un \u201csistema criminale\u201d messo a punto da Lenin, perfezionato da Stalin e arrivato al massimo grado di sofisticheria con Putin<\/strong> e la sua corte di cekisti.<\/p>\n\n\n\n<h3 class=\"wp-block-heading\">Il libro<\/h3>\n\n\n\n<p>La presidenza di Vladimir Putin, e forse la stessa sopravvivenza della Federazione russa, non sarebbe concepibile senza il laboratorio segreto dei delitti e delle torture di cui parla Vaksberg, progettato fin dall&#8217;inizio su ordine di Lenin e perfezionato da Stalin. Senza le montature architettate dai servizi segreti; senza l&#8217;uso spregiudicato di esplosivi e gas contro palazzi, scuole, teatri, ferrovie, aerei; senza le pozioni letali, le esecuzioni, le minacce che hanno liquidato i capi della resistenza cecena, gli oppositori liberali, i magnati riottosi, i giornalisti senza paura. Come Aleksandr Litvinenko, avvelenato con il polonio perch\u00e9 colpevole di aver disertato dal KGB e di essere a conoscenza di troppi segreti. Come Anna Politkovskaija, assassinata per offrire un regalo insanguinato al potente di turno e per dare un secco segnale ai cittadini russi ancora attaccati all&#8217;idea di democrazia. Gli archivi di Stato, aperti per un breve lasso di tempo nel 1991, hanno permesso a Vaksberg di ricostruire una storia che parte da lontano. Una storia di persecuzioni implacabili, di inganni crudeli, di omicidi freddi e spericolati, di morti misteriose, di sostanze che non lasciano traccia. Fino ad arrivare ai giorni nostri. Raccontando degli amici scomparsi, come il giornalista \u0160eko\u010dikhin avvelenato in modo orribile nel 2003, Vaksberg fa trasparire l&#8217;emozione e il dolore che ispirano \u2212 al di l\u00e0 della passione civile \u2212 la sua accanita, instancabile perlustrazione delle segrete del Cremlino.<\/p>\n\n\n\n<div class=\"wp-block-image caption-align-center\"><figure class=\"aligncenter size-large\"><a href=\"https:\/\/www.guerini.it\/index.php\/prodotto\/i-veleni-del-cremlino\/\"><img loading=\"lazy\" decoding=\"async\" width=\"199\" height=\"318\" src=\"https:\/\/www.guerini.it\/wp-content\/uploads\/2021\/03\/31VEJSnxHL-1.jpg\" alt=\"\" class=\"wp-image-21786\" srcset=\"https:\/\/www.guerini.it\/wp-content\/uploads\/2021\/03\/31VEJSnxHL-1.jpg 199w, https:\/\/www.guerini.it\/wp-content\/uploads\/2021\/03\/31VEJSnxHL-1-188x300.jpg 188w, https:\/\/www.guerini.it\/wp-content\/uploads\/2021\/03\/31VEJSnxHL-1-64x102.jpg 64w\" sizes=\"auto, (max-width: 199px) 100vw, 199px\" \/><\/a><figcaption><br><strong><em>I veleni del Cremlino. Gli omicidi politici in Russia da Lenin a Putin<\/em><\/strong><br>di <strong>Arkadi Vaksberg <\/strong>(Guerini e Associati, 2007) | 254 pagine, \u20ac\u00a019,50<\/figcaption><\/figure><\/div>\n\n\n\n<p><\/p>\n","protected":false},"excerpt":{"rendered":"<p>Alta tensione tra Stati Uniti e Russia: le recenti dichiarazioni di Joe Biden riaccendono i riflettori sull\u2019avvelenamento di Navalny, l\u2019ultimo di una lunga lista. Nel saggio I Veleni del Cremlino [&hellip;]<\/p>\n","protected":false},"author":13304,"featured_media":21792,"comment_status":"open","ping_status":"open","sticky":false,"template":"","format":"standard","meta":{"_editorskit_title_hidden":false,"_editorskit_reading_time":3,"_editorskit_is_block_options_detached":false,"_editorskit_block_options_position":"{}","_monsterinsights_skip_tracking":false,"_monsterinsights_sitenote_active":false,"_monsterinsights_sitenote_note":"","_monsterinsights_sitenote_category":0,"footnotes":""},"categories":[1],"tags":[],"class_list":["post-21785","post","type-post","status-publish","format-standard","has-post-thumbnail","hentry","category-senza-categoria"],"yoast_head":"<!-- This site is optimized with the Yoast SEO plugin v25.4 - https:\/\/yoast.com\/wordpress\/plugins\/seo\/ -->\n<title>I veleni del Cremlino. Gli omicidi politici in Russia da Lenin a Putin - Guerini e Associati<\/title>\n<meta name=\"robots\" content=\"index, follow, max-snippet:-1, max-image-preview:large, max-video-preview:-1\" \/>\n<link rel=\"canonical\" href=\"https:\/\/www.guerini.it\/index.php\/i-veleni-del-cremlino\/\" \/>\n<meta property=\"og:locale\" content=\"it_IT\" \/>\n<meta property=\"og:type\" content=\"article\" \/>\n<meta property=\"og:title\" content=\"I veleni del Cremlino. Gli omicidi politici in Russia da Lenin a Putin - Guerini e Associati\" \/>\n<meta property=\"og:description\" content=\"Alta tensione tra Stati Uniti e Russia: le recenti dichiarazioni di Joe Biden riaccendono i riflettori sull\u2019avvelenamento di Navalny, l\u2019ultimo di una lunga lista. Nel saggio I Veleni del Cremlino [&hellip;]\" \/>\n<meta property=\"og:url\" content=\"https:\/\/www.guerini.it\/index.php\/i-veleni-del-cremlino\/\" \/>\n<meta property=\"og:site_name\" content=\"Guerini e Associati\" \/>\n<meta property=\"article:published_time\" content=\"2021-03-22T17:54:29+00:00\" \/>\n<meta property=\"article:modified_time\" content=\"2021-03-25T09:26:44+00:00\" \/>\n<meta property=\"og:image\" content=\"https:\/\/www.guerini.it\/wp-content\/uploads\/2021\/03\/cornerhouse-2508594_1920-e1616436221549.jpg\" \/>\n\t<meta property=\"og:image:width\" content=\"1061\" \/>\n\t<meta property=\"og:image:height\" content=\"707\" \/>\n\t<meta property=\"og:image:type\" content=\"image\/jpeg\" \/>\n<meta name=\"author\" content=\"Margherita Puzzo\" \/>\n<meta name=\"twitter:card\" content=\"summary_large_image\" \/>\n<meta name=\"twitter:label1\" content=\"Scritto da\" \/>\n\t<meta name=\"twitter:data1\" content=\"Margherita Puzzo\" \/>\n\t<meta name=\"twitter:label2\" content=\"Tempo di lettura stimato\" \/>\n\t<meta name=\"twitter:data2\" content=\"4 minuti\" \/>\n<!-- \/ Yoast SEO plugin. -->","yoast_head_json":{"title":"I veleni del Cremlino. Gli omicidi politici in Russia da Lenin a Putin - Guerini e Associati","robots":{"index":"index","follow":"follow","max-snippet":"max-snippet:-1","max-image-preview":"max-image-preview:large","max-video-preview":"max-video-preview:-1"},"canonical":"https:\/\/www.guerini.it\/index.php\/i-veleni-del-cremlino\/","og_locale":"it_IT","og_type":"article","og_title":"I veleni del Cremlino. Gli omicidi politici in Russia da Lenin a Putin - Guerini e Associati","og_description":"Alta tensione tra Stati Uniti e Russia: le recenti dichiarazioni di Joe Biden riaccendono i riflettori sull\u2019avvelenamento di Navalny, l\u2019ultimo di una lunga lista. Nel saggio I Veleni del Cremlino [&hellip;]","og_url":"https:\/\/www.guerini.it\/index.php\/i-veleni-del-cremlino\/","og_site_name":"Guerini e Associati","article_published_time":"2021-03-22T17:54:29+00:00","article_modified_time":"2021-03-25T09:26:44+00:00","og_image":[{"width":1061,"height":707,"url":"https:\/\/www.guerini.it\/wp-content\/uploads\/2021\/03\/cornerhouse-2508594_1920-e1616436221549.jpg","type":"image\/jpeg"}],"author":"Margherita Puzzo","twitter_card":"summary_large_image","twitter_misc":{"Scritto da":"Margherita Puzzo","Tempo di lettura stimato":"4 minuti"},"schema":{"@context":"https:\/\/schema.org","@graph":[{"@type":"Article","@id":"https:\/\/www.guerini.it\/index.php\/i-veleni-del-cremlino\/#article","isPartOf":{"@id":"https:\/\/www.guerini.it\/index.php\/i-veleni-del-cremlino\/"},"author":{"name":"Margherita Puzzo","@id":"https:\/\/www.guerini.it\/#\/schema\/person\/967703dca40d9a5c3919949269184199"},"headline":"I veleni del Cremlino. Gli omicidi politici in Russia da Lenin a Putin","datePublished":"2021-03-22T17:54:29+00:00","dateModified":"2021-03-25T09:26:44+00:00","mainEntityOfPage":{"@id":"https:\/\/www.guerini.it\/index.php\/i-veleni-del-cremlino\/"},"wordCount":618,"commentCount":0,"publisher":{"@id":"https:\/\/www.guerini.it\/#organization"},"image":{"@id":"https:\/\/www.guerini.it\/index.php\/i-veleni-del-cremlino\/#primaryimage"},"thumbnailUrl":"https:\/\/www.guerini.it\/wp-content\/uploads\/2021\/03\/cornerhouse-2508594_1920-e1616436221549.jpg","inLanguage":"it-IT","potentialAction":[{"@type":"CommentAction","name":"Comment","target":["https:\/\/www.guerini.it\/index.php\/i-veleni-del-cremlino\/#respond"]}]},{"@type":"WebPage","@id":"https:\/\/www.guerini.it\/index.php\/i-veleni-del-cremlino\/","url":"https:\/\/www.guerini.it\/index.php\/i-veleni-del-cremlino\/","name":"I veleni del Cremlino. Gli omicidi politici in Russia da Lenin a Putin - Guerini e Associati","isPartOf":{"@id":"https:\/\/www.guerini.it\/#website"},"primaryImageOfPage":{"@id":"https:\/\/www.guerini.it\/index.php\/i-veleni-del-cremlino\/#primaryimage"},"image":{"@id":"https:\/\/www.guerini.it\/index.php\/i-veleni-del-cremlino\/#primaryimage"},"thumbnailUrl":"https:\/\/www.guerini.it\/wp-content\/uploads\/2021\/03\/cornerhouse-2508594_1920-e1616436221549.jpg","datePublished":"2021-03-22T17:54:29+00:00","dateModified":"2021-03-25T09:26:44+00:00","breadcrumb":{"@id":"https:\/\/www.guerini.it\/index.php\/i-veleni-del-cremlino\/#breadcrumb"},"inLanguage":"it-IT","potentialAction":[{"@type":"ReadAction","target":["https:\/\/www.guerini.it\/index.php\/i-veleni-del-cremlino\/"]}]},{"@type":"ImageObject","inLanguage":"it-IT","@id":"https:\/\/www.guerini.it\/index.php\/i-veleni-del-cremlino\/#primaryimage","url":"https:\/\/www.guerini.it\/wp-content\/uploads\/2021\/03\/cornerhouse-2508594_1920-e1616436221549.jpg","contentUrl":"https:\/\/www.guerini.it\/wp-content\/uploads\/2021\/03\/cornerhouse-2508594_1920-e1616436221549.jpg","width":1061,"height":707,"caption":"Foto di Catharina Rytter da Pixabay"},{"@type":"BreadcrumbList","@id":"https:\/\/www.guerini.it\/index.php\/i-veleni-del-cremlino\/#breadcrumb","itemListElement":[{"@type":"ListItem","position":1,"name":"Home","item":"https:\/\/www.guerini.it\/"},{"@type":"ListItem","position":2,"name":"I veleni del Cremlino. Gli omicidi politici in Russia da Lenin a Putin"}]},{"@type":"WebSite","@id":"https:\/\/www.guerini.it\/#website","url":"https:\/\/www.guerini.it\/","name":"Guerini e Associati","description":"30 anni di libri, idee e libert\u00e0","publisher":{"@id":"https:\/\/www.guerini.it\/#organization"},"potentialAction":[{"@type":"SearchAction","target":{"@type":"EntryPoint","urlTemplate":"https:\/\/www.guerini.it\/?s={search_term_string}"},"query-input":{"@type":"PropertyValueSpecification","valueRequired":true,"valueName":"search_term_string"}}],"inLanguage":"it-IT"},{"@type":"Organization","@id":"https:\/\/www.guerini.it\/#organization","name":"Guerini e Associati","url":"https:\/\/www.guerini.it\/","logo":{"@type":"ImageObject","inLanguage":"it-IT","@id":"https:\/\/www.guerini.it\/#\/schema\/logo\/image\/","url":"https:\/\/www.guerini.it\/wp-content\/uploads\/2021\/03\/Logo-Guerini-OK_-e1615831292285.png","contentUrl":"https:\/\/www.guerini.it\/wp-content\/uploads\/2021\/03\/Logo-Guerini-OK_-e1615831292285.png","width":2805,"height":1870,"caption":"Guerini e Associati"},"image":{"@id":"https:\/\/www.guerini.it\/#\/schema\/logo\/image\/"}},{"@type":"Person","@id":"https:\/\/www.guerini.it\/#\/schema\/person\/967703dca40d9a5c3919949269184199","name":"Margherita Puzzo","image":{"@type":"ImageObject","inLanguage":"it-IT","@id":"https:\/\/www.guerini.it\/#\/schema\/person\/image\/","url":"https:\/\/secure.gravatar.com\/avatar\/b595c1c87bc9163bee8c169a924886a20ec93110555b11dd70523be37cec9612?s=96&d=mm&r=g","contentUrl":"https:\/\/secure.gravatar.com\/avatar\/b595c1c87bc9163bee8c169a924886a20ec93110555b11dd70523be37cec9612?s=96&d=mm&r=g","caption":"Margherita Puzzo"},"url":"https:\/\/www.guerini.it\/index.php\/author\/mpuzzo\/"}]}},"_links":{"self":[{"href":"https:\/\/www.guerini.it\/index.php\/wp-json\/wp\/v2\/posts\/21785","targetHints":{"allow":["GET"]}}],"collection":[{"href":"https:\/\/www.guerini.it\/index.php\/wp-json\/wp\/v2\/posts"}],"about":[{"href":"https:\/\/www.guerini.it\/index.php\/wp-json\/wp\/v2\/types\/post"}],"author":[{"embeddable":true,"href":"https:\/\/www.guerini.it\/index.php\/wp-json\/wp\/v2\/users\/13304"}],"replies":[{"embeddable":true,"href":"https:\/\/www.guerini.it\/index.php\/wp-json\/wp\/v2\/comments?post=21785"}],"version-history":[{"count":10,"href":"https:\/\/www.guerini.it\/index.php\/wp-json\/wp\/v2\/posts\/21785\/revisions"}],"predecessor-version":[{"id":21823,"href":"https:\/\/www.guerini.it\/index.php\/wp-json\/wp\/v2\/posts\/21785\/revisions\/21823"}],"wp:featuredmedia":[{"embeddable":true,"href":"https:\/\/www.guerini.it\/index.php\/wp-json\/wp\/v2\/media\/21792"}],"wp:attachment":[{"href":"https:\/\/www.guerini.it\/index.php\/wp-json\/wp\/v2\/media?parent=21785"}],"wp:term":[{"taxonomy":"category","embeddable":true,"href":"https:\/\/www.guerini.it\/index.php\/wp-json\/wp\/v2\/categories?post=21785"},{"taxonomy":"post_tag","embeddable":true,"href":"https:\/\/www.guerini.it\/index.php\/wp-json\/wp\/v2\/tags?post=21785"}],"curies":[{"name":"wp","href":"https:\/\/api.w.org\/{rel}","templated":true}]}}