{"id":21826,"date":"2021-03-25T17:48:48","date_gmt":"2021-03-25T16:48:48","guid":{"rendered":"https:\/\/www.guerini.it\/?p=21826"},"modified":"2021-03-25T17:50:19","modified_gmt":"2021-03-25T16:50:19","slug":"verso-un-sistema-4-0-formazione-continua-capability-e-sostenibilita-integrata","status":"publish","type":"post","link":"https:\/\/www.guerini.it\/index.php\/verso-un-sistema-4-0-formazione-continua-capability-e-sostenibilita-integrata\/","title":{"rendered":"Verso un sistema 4.0: formazione continua, capability e sostenibilit\u00e0 integrata"},"content":{"rendered":"\n<h2 class=\"wp-block-heading\">Dal 25 marzo in libreria per Guerini 4.0 <em><a href=\"https:\/\/www.guerini.it\/index.php\/prodotto\/novizi-senza-fine\/\" class=\"ek-link\">Novizi senza fine<\/a><em> <\/em><\/em>(Franco Civelli, management consultant, e Daniele Manara, HR consultant) e <em><a href=\"https:\/\/www.guerini.it\/index.php\/prodotto\/una-innovazione-responsabile\/\" class=\"ek-link\">Una innovazione responsabile<\/a><em> <\/em><\/em>(Sesto Viticoli, vicepresidente AIRI) <\/h2>\n\n\n\n<!--more-->\n\n\n\n<figure class=\"wp-block-image size-large is-style-default\"><img loading=\"lazy\" decoding=\"async\" width=\"1024\" height=\"683\" src=\"https:\/\/www.guerini.it\/wp-content\/uploads\/2021\/03\/isometric_4.0-1024x683.png\" alt=\"\" class=\"wp-image-21829\" srcset=\"https:\/\/www.guerini.it\/wp-content\/uploads\/2021\/03\/isometric_4.0-1024x683.png 1024w, https:\/\/www.guerini.it\/wp-content\/uploads\/2021\/03\/isometric_4.0-300x200.png 300w, https:\/\/www.guerini.it\/wp-content\/uploads\/2021\/03\/isometric_4.0-768x512.png 768w, https:\/\/www.guerini.it\/wp-content\/uploads\/2021\/03\/isometric_4.0-1536x1024.png 1536w, https:\/\/www.guerini.it\/wp-content\/uploads\/2021\/03\/isometric_4.0-2048x1365.png 2048w, https:\/\/www.guerini.it\/wp-content\/uploads\/2021\/03\/isometric_4.0-600x400.png 600w, https:\/\/www.guerini.it\/wp-content\/uploads\/2021\/03\/isometric_4.0-64x43.png 64w\" sizes=\"auto, (max-width: 1024px) 100vw, 1024px\" \/><\/figure>\n\n\n\n<p>La pandemia in corso, con le sue ricadute economiche e sociali, rappresenta una vera e propria macchina del tempo per il futuro. I cambiamenti che molti avevano previsto si sarebbero verificati nell\u2019arco di decenni, si stanno realizzando invece nell\u2019arco di pochi mesi. Il disastro sanitario, inoltre, ha reso ancora pi\u00f9 chiaro che viviamo in un sistema interconnesso e che un\u2019infezione, anche se periferica, ci obbliga ad affrontare l\u2019emergenza come un unico sistema. Ecco perch\u00e9 \u00e8 pi\u00f9 che mai necessario riportare in cima all\u2019agenda una strategia di rilancio del piano \u00abIndustria 4.0\u00bb e concepirlo come una strategia sistemica, globale, che porta con s\u00e9 profondissime trasformazioni, le quali a loro volta necessiteranno di leader coraggiosi in grado di farsi carico del cambiamento, per costruire una societ\u00e0 e un futuro nel quale tutti vogliano e possano abitare.<\/p>\n\n\n\n<p>Non si tratta soltanto dell\u2019ennesima accelerazione tecnologica, ma \u00e8 in atto una potenziale rottura che impatta sull\u2019intero sistema sociale, dalla formazione all\u2019organizzazione aziendale, dalle nuove professioni a quelle in via d\u2019estinzione, dai rapporti professionali a quelli interpersonali, fino ad arrivare al rapporto tra l\u2019uomo e la macchina e la sempre pi\u00f9 stretta relazione tra scienza, tecnologia e amministrazione del potere.<\/p>\n\n\n\n<p>Come mostrano le due novit\u00e0 della collana <a href=\"https:\/\/www.guerini.it\/index.php\/categoria-prodotto\/economia-e-management\/guerini4-0\/\" class=\"ek-link\">Guerini 4.0<\/a>, <strong><em><a href=\"https:\/\/www.guerini.it\/index.php\/prodotto\/novizi-senza-fine\/\" class=\"ek-link\">Novizi senza fine<\/a><\/em><\/strong> (di F. Civelli e D. Manara, 29,50 euro, 368 pp.) e <em><a href=\"https:\/\/www.guerini.it\/index.php\/prodotto\/una-innovazione-responsabile\/\" class=\"ek-link\"><strong>Una innovazione responsabile<\/strong><\/a> (<\/em>di S. Viticoli, 24 euro, 208 pp.), in libreria dal 25 marzo, la sfida del 4.0 deve tenere conto di due principi cardine: da un lato la necessit\u00e0 di rimettersi continuamente in gioco, <strong>mettendo al centro la persona, la sua capacit\u00e0 di apprendere, di relazionarsi e di formarsi in un \u201cnoviziato senza fine\u201d<\/strong>; dall\u2019altro l\u2019esigenza <strong>di inserire il percorso verso l\u2019innovazione e la rivoluzione tecnologica all\u2019interno di un approccio integrato<\/strong>, finalizzato a creare un valore complessivo in grado di rispettare non solo le esigenze delle imprese, ma anche quelle della societ\u00e0 e del pianeta.<\/p>\n\n\n\n<p>Il cambio di passo del mondo 4.0, insomma, rimette al centro l\u2019uomo e il suo valore. Intelligenza artificiale e automazione sostituiranno sempre pi\u00f9 le mansioni esecutive e routinarie, dando avvio a un processo di riqualificazione del lavoro che interesser\u00e0 milioni di persone. Anche i lavori cosiddetti 4.0 richiedono, per\u00f2, caratteristiche \u201cumane\u201d che coniughino sapere e saper fare, e flessibilit\u00e0 sempre maggiori. Occorrer\u00e0 favorire lo sviluppo di creativit\u00e0, alti livelli di conoscenza, grande autonomia, un alto grado di responsabilit\u00e0 sociale ed ecologica oltre che economica, capacit\u00e0 di relazione e apprendimento permanente.<\/p>\n\n\n\n<figure class=\"wp-block-gallery columns-2 is-cropped wp-block-gallery-2 is-layout-flex wp-block-gallery-is-layout-flex\"><ul class=\"blocks-gallery-grid\"><li class=\"blocks-gallery-item\"><figure><img decoding=\"async\" src=\"https:\/\/www.guerini.it\/wp-content\/uploads\/2021\/03\/Front-Cover-NOVIZI-SENZA-FINE-4.0-659x1024.jpg\" alt=\"Copertina del libro Novizi senza fine\" data-id=\"21332\" data-full-url=\"https:\/\/www.guerini.it\/wp-content\/uploads\/2021\/03\/Front-Cover-NOVIZI-SENZA-FINE-4.0-scaled-e1615206244246.jpg\" data-link=\"https:\/\/www.guerini.it\/?attachment_id=21332\" class=\"wp-image-21332\"\/><\/figure><\/li><li class=\"blocks-gallery-item\"><figure><img decoding=\"async\" src=\"https:\/\/www.guerini.it\/wp-content\/uploads\/2021\/03\/Front-Cover-INNOVAZIONE-RESPONSABILE-4.0-683x1024.jpg\" alt=\"Copertina del libro Una innovazione responsabile\" data-id=\"21338\" data-full-url=\"https:\/\/www.guerini.it\/wp-content\/uploads\/2021\/03\/Front-Cover-INNOVAZIONE-RESPONSABILE-4.0-e1615207529584.jpg\" data-link=\"https:\/\/www.guerini.it\/?attachment_id=21338\" class=\"wp-image-21338\"\/><\/figure><\/li><\/ul><\/figure>\n","protected":false},"excerpt":{"rendered":"<p>Dal 25 marzo in libreria per Guerini 4.0 Novizi senza fine (Franco Civelli, management consultant, e Daniele Manara, HR consultant) e Una innovazione responsabile (Sesto Viticoli, vicepresidente AIRI)<\/p>\n","protected":false},"author":13304,"featured_media":21829,"comment_status":"open","ping_status":"open","sticky":false,"template":"","format":"standard","meta":{"_editorskit_title_hidden":false,"_editorskit_reading_time":2,"_editorskit_is_block_options_detached":false,"_editorskit_block_options_position":"{}","_monsterinsights_skip_tracking":false,"_monsterinsights_sitenote_active":false,"_monsterinsights_sitenote_note":"","_monsterinsights_sitenote_category":0,"footnotes":""},"categories":[121,6897],"tags":[6900,130,6899,6904,6903,6901,6902],"class_list":["post-21826","post","type-post","status-publish","format-standard","has-post-thumbnail","hentry","category-economia","category-industria-4-0","tag-formazione-continua","tag-industria-4-0","tag-innovazione-continua","tag-lifelong-learning","tag-responsabilita-sociale","tag-sostenibilita","tag-tecnologia"],"yoast_head":"<!-- This site is optimized with the Yoast SEO plugin v25.4 - https:\/\/yoast.com\/wordpress\/plugins\/seo\/ -->\n<title>Verso un sistema 4.0: formazione continua, capability e sostenibilit\u00e0 integrata - Guerini e Associati<\/title>\n<meta name=\"robots\" content=\"index, follow, max-snippet:-1, max-image-preview:large, max-video-preview:-1\" \/>\n<link rel=\"canonical\" href=\"https:\/\/www.guerini.it\/index.php\/verso-un-sistema-4-0-formazione-continua-capability-e-sostenibilita-integrata\/\" \/>\n<meta property=\"og:locale\" content=\"it_IT\" \/>\n<meta property=\"og:type\" content=\"article\" \/>\n<meta property=\"og:title\" content=\"Verso un sistema 4.0: formazione continua, capability e sostenibilit\u00e0 integrata - Guerini e Associati\" \/>\n<meta property=\"og:description\" content=\"Dal 25 marzo in libreria per Guerini 4.0 Novizi senza fine (Franco Civelli, management consultant, e Daniele Manara, HR consultant) e Una innovazione responsabile (Sesto Viticoli, vicepresidente AIRI)\" \/>\n<meta property=\"og:url\" content=\"https:\/\/www.guerini.it\/index.php\/verso-un-sistema-4-0-formazione-continua-capability-e-sostenibilita-integrata\/\" \/>\n<meta property=\"og:site_name\" content=\"Guerini e Associati\" \/>\n<meta property=\"article:published_time\" content=\"2021-03-25T16:48:48+00:00\" \/>\n<meta property=\"article:modified_time\" content=\"2021-03-25T16:50:19+00:00\" \/>\n<meta property=\"og:image\" content=\"https:\/\/www.guerini.it\/wp-content\/uploads\/2021\/03\/isometric_4.0-1024x683.png\" \/>\n\t<meta property=\"og:image:width\" content=\"1024\" \/>\n\t<meta property=\"og:image:height\" content=\"683\" \/>\n\t<meta property=\"og:image:type\" content=\"image\/png\" \/>\n<meta name=\"author\" content=\"Margherita Puzzo\" \/>\n<meta name=\"twitter:card\" content=\"summary_large_image\" \/>\n<meta name=\"twitter:label1\" content=\"Scritto da\" \/>\n\t<meta name=\"twitter:data1\" content=\"Margherita Puzzo\" \/>\n\t<meta name=\"twitter:label2\" content=\"Tempo di lettura stimato\" \/>\n\t<meta name=\"twitter:data2\" content=\"3 minuti\" \/>\n<!-- \/ Yoast SEO plugin. -->","yoast_head_json":{"title":"Verso un sistema 4.0: formazione continua, capability e sostenibilit\u00e0 integrata - Guerini e Associati","robots":{"index":"index","follow":"follow","max-snippet":"max-snippet:-1","max-image-preview":"max-image-preview:large","max-video-preview":"max-video-preview:-1"},"canonical":"https:\/\/www.guerini.it\/index.php\/verso-un-sistema-4-0-formazione-continua-capability-e-sostenibilita-integrata\/","og_locale":"it_IT","og_type":"article","og_title":"Verso un sistema 4.0: formazione continua, capability e sostenibilit\u00e0 integrata - Guerini e Associati","og_description":"Dal 25 marzo in libreria per Guerini 4.0 Novizi senza fine (Franco Civelli, management consultant, e Daniele Manara, HR consultant) e Una innovazione responsabile (Sesto Viticoli, vicepresidente AIRI)","og_url":"https:\/\/www.guerini.it\/index.php\/verso-un-sistema-4-0-formazione-continua-capability-e-sostenibilita-integrata\/","og_site_name":"Guerini e Associati","article_published_time":"2021-03-25T16:48:48+00:00","article_modified_time":"2021-03-25T16:50:19+00:00","og_image":[{"width":1024,"height":683,"url":"https:\/\/www.guerini.it\/wp-content\/uploads\/2021\/03\/isometric_4.0-1024x683.png","type":"image\/png"}],"author":"Margherita Puzzo","twitter_card":"summary_large_image","twitter_misc":{"Scritto da":"Margherita Puzzo","Tempo di lettura stimato":"3 minuti"},"schema":{"@context":"https:\/\/schema.org","@graph":[{"@type":"Article","@id":"https:\/\/www.guerini.it\/index.php\/verso-un-sistema-4-0-formazione-continua-capability-e-sostenibilita-integrata\/#article","isPartOf":{"@id":"https:\/\/www.guerini.it\/index.php\/verso-un-sistema-4-0-formazione-continua-capability-e-sostenibilita-integrata\/"},"author":{"name":"Margherita Puzzo","@id":"https:\/\/www.guerini.it\/#\/schema\/person\/967703dca40d9a5c3919949269184199"},"headline":"Verso un sistema 4.0: formazione continua, capability e sostenibilit\u00e0 integrata","datePublished":"2021-03-25T16:48:48+00:00","dateModified":"2021-03-25T16:50:19+00:00","mainEntityOfPage":{"@id":"https:\/\/www.guerini.it\/index.php\/verso-un-sistema-4-0-formazione-continua-capability-e-sostenibilita-integrata\/"},"wordCount":442,"commentCount":0,"publisher":{"@id":"https:\/\/www.guerini.it\/#organization"},"image":{"@id":"https:\/\/www.guerini.it\/index.php\/verso-un-sistema-4-0-formazione-continua-capability-e-sostenibilita-integrata\/#primaryimage"},"thumbnailUrl":"https:\/\/www.guerini.it\/wp-content\/uploads\/2021\/03\/isometric_4.0.png","keywords":["formazione continua","industria 4.0","innovazione continua","lifelong learning","responsabilit\u00e0 sociale","sostenibilit\u00e0","tecnologia"],"articleSection":["Economia","Industria 4.0"],"inLanguage":"it-IT","potentialAction":[{"@type":"CommentAction","name":"Comment","target":["https:\/\/www.guerini.it\/index.php\/verso-un-sistema-4-0-formazione-continua-capability-e-sostenibilita-integrata\/#respond"]}]},{"@type":"WebPage","@id":"https:\/\/www.guerini.it\/index.php\/verso-un-sistema-4-0-formazione-continua-capability-e-sostenibilita-integrata\/","url":"https:\/\/www.guerini.it\/index.php\/verso-un-sistema-4-0-formazione-continua-capability-e-sostenibilita-integrata\/","name":"Verso un sistema 4.0: formazione continua, capability e sostenibilit\u00e0 integrata - Guerini e Associati","isPartOf":{"@id":"https:\/\/www.guerini.it\/#website"},"primaryImageOfPage":{"@id":"https:\/\/www.guerini.it\/index.php\/verso-un-sistema-4-0-formazione-continua-capability-e-sostenibilita-integrata\/#primaryimage"},"image":{"@id":"https:\/\/www.guerini.it\/index.php\/verso-un-sistema-4-0-formazione-continua-capability-e-sostenibilita-integrata\/#primaryimage"},"thumbnailUrl":"https:\/\/www.guerini.it\/wp-content\/uploads\/2021\/03\/isometric_4.0.png","datePublished":"2021-03-25T16:48:48+00:00","dateModified":"2021-03-25T16:50:19+00:00","breadcrumb":{"@id":"https:\/\/www.guerini.it\/index.php\/verso-un-sistema-4-0-formazione-continua-capability-e-sostenibilita-integrata\/#breadcrumb"},"inLanguage":"it-IT","potentialAction":[{"@type":"ReadAction","target":["https:\/\/www.guerini.it\/index.php\/verso-un-sistema-4-0-formazione-continua-capability-e-sostenibilita-integrata\/"]}]},{"@type":"ImageObject","inLanguage":"it-IT","@id":"https:\/\/www.guerini.it\/index.php\/verso-un-sistema-4-0-formazione-continua-capability-e-sostenibilita-integrata\/#primaryimage","url":"https:\/\/www.guerini.it\/wp-content\/uploads\/2021\/03\/isometric_4.0.png","contentUrl":"https:\/\/www.guerini.it\/wp-content\/uploads\/2021\/03\/isometric_4.0.png","width":2730,"height":1820},{"@type":"BreadcrumbList","@id":"https:\/\/www.guerini.it\/index.php\/verso-un-sistema-4-0-formazione-continua-capability-e-sostenibilita-integrata\/#breadcrumb","itemListElement":[{"@type":"ListItem","position":1,"name":"Home","item":"https:\/\/www.guerini.it\/"},{"@type":"ListItem","position":2,"name":"Verso un sistema 4.0: formazione continua, capability e sostenibilit\u00e0 integrata"}]},{"@type":"WebSite","@id":"https:\/\/www.guerini.it\/#website","url":"https:\/\/www.guerini.it\/","name":"Guerini e Associati","description":"30 anni di libri, idee e libert\u00e0","publisher":{"@id":"https:\/\/www.guerini.it\/#organization"},"potentialAction":[{"@type":"SearchAction","target":{"@type":"EntryPoint","urlTemplate":"https:\/\/www.guerini.it\/?s={search_term_string}"},"query-input":{"@type":"PropertyValueSpecification","valueRequired":true,"valueName":"search_term_string"}}],"inLanguage":"it-IT"},{"@type":"Organization","@id":"https:\/\/www.guerini.it\/#organization","name":"Guerini e Associati","url":"https:\/\/www.guerini.it\/","logo":{"@type":"ImageObject","inLanguage":"it-IT","@id":"https:\/\/www.guerini.it\/#\/schema\/logo\/image\/","url":"https:\/\/www.guerini.it\/wp-content\/uploads\/2021\/03\/Logo-Guerini-OK_-e1615831292285.png","contentUrl":"https:\/\/www.guerini.it\/wp-content\/uploads\/2021\/03\/Logo-Guerini-OK_-e1615831292285.png","width":2805,"height":1870,"caption":"Guerini e Associati"},"image":{"@id":"https:\/\/www.guerini.it\/#\/schema\/logo\/image\/"}},{"@type":"Person","@id":"https:\/\/www.guerini.it\/#\/schema\/person\/967703dca40d9a5c3919949269184199","name":"Margherita Puzzo","image":{"@type":"ImageObject","inLanguage":"it-IT","@id":"https:\/\/www.guerini.it\/#\/schema\/person\/image\/","url":"https:\/\/secure.gravatar.com\/avatar\/b595c1c87bc9163bee8c169a924886a20ec93110555b11dd70523be37cec9612?s=96&d=mm&r=g","contentUrl":"https:\/\/secure.gravatar.com\/avatar\/b595c1c87bc9163bee8c169a924886a20ec93110555b11dd70523be37cec9612?s=96&d=mm&r=g","caption":"Margherita Puzzo"},"url":"https:\/\/www.guerini.it\/index.php\/author\/mpuzzo\/"}]}},"_links":{"self":[{"href":"https:\/\/www.guerini.it\/index.php\/wp-json\/wp\/v2\/posts\/21826","targetHints":{"allow":["GET"]}}],"collection":[{"href":"https:\/\/www.guerini.it\/index.php\/wp-json\/wp\/v2\/posts"}],"about":[{"href":"https:\/\/www.guerini.it\/index.php\/wp-json\/wp\/v2\/types\/post"}],"author":[{"embeddable":true,"href":"https:\/\/www.guerini.it\/index.php\/wp-json\/wp\/v2\/users\/13304"}],"replies":[{"embeddable":true,"href":"https:\/\/www.guerini.it\/index.php\/wp-json\/wp\/v2\/comments?post=21826"}],"version-history":[{"count":4,"href":"https:\/\/www.guerini.it\/index.php\/wp-json\/wp\/v2\/posts\/21826\/revisions"}],"predecessor-version":[{"id":21831,"href":"https:\/\/www.guerini.it\/index.php\/wp-json\/wp\/v2\/posts\/21826\/revisions\/21831"}],"wp:featuredmedia":[{"embeddable":true,"href":"https:\/\/www.guerini.it\/index.php\/wp-json\/wp\/v2\/media\/21829"}],"wp:attachment":[{"href":"https:\/\/www.guerini.it\/index.php\/wp-json\/wp\/v2\/media?parent=21826"}],"wp:term":[{"taxonomy":"category","embeddable":true,"href":"https:\/\/www.guerini.it\/index.php\/wp-json\/wp\/v2\/categories?post=21826"},{"taxonomy":"post_tag","embeddable":true,"href":"https:\/\/www.guerini.it\/index.php\/wp-json\/wp\/v2\/tags?post=21826"}],"curies":[{"name":"wp","href":"https:\/\/api.w.org\/{rel}","templated":true}]}}