{"id":21834,"date":"2021-03-29T10:19:00","date_gmt":"2021-03-29T08:19:00","guid":{"rendered":"https:\/\/www.guerini.it\/?p=21834"},"modified":"2021-03-30T10:33:00","modified_gmt":"2021-03-30T08:33:00","slug":"enzo-spaltro-addio-al-professore-che-dedico-la-sua-vita-al-benessere-delle-persone","status":"publish","type":"post","link":"https:\/\/www.guerini.it\/index.php\/enzo-spaltro-addio-al-professore-che-dedico-la-sua-vita-al-benessere-delle-persone\/","title":{"rendered":"Enzo Spaltro, addio al professore che dedic\u00f2 la sua vita al benessere delle persone"},"content":{"rendered":"\n<h2 class=\"wp-block-heading\">Pioniere della psicologia del lavoro, per noi ha scritto &#8216;<a href=\"https:\/\/www.guerini.it\/index.php\/prodotto\/il-significato-della-rivoluzione\/\" class=\"ek-link\">Il significato della rivoluzione. Psicologia del cambiamento organizzativo<\/a>&#8216; nel 2004 e ha contribuito alla stesura del volume &#8216;<a href=\"https:\/\/www.guerini.it\/index.php\/prodotto\/la-partecipazione-dei-lavoratori-alla-gestione-dell-impresa\/\" class=\"ek-link\">La partecipazione dei lavoratori alla gestione dell&#8217;impresa<\/a>&#8216;.<\/h2>\n\n\n\n<!--more-->\n\n\n\n<p>Da sempre attento al benessere delle persone in azienda, tanto da scrivere: &#8216;La partecipazione dei lavoratori a tutti i livelli richiede relazioni non solo buone, ma belle. Non sono benessere, ma anche speranza di benessere, cio\u00e8 &#8216;<em>bellessere<\/em>&#8216;. Il contributo del professor Enzo Spaltro, scomparso lo scorso 26 marzo all&#8217;et\u00e0 di 91 anni, allo studio del fenomeno della partecipazione lavorativa \u00e8 stato, senza ombra di dubbio, decisivo. Lascia in eredit\u00e0 un patrimonio di conoscenze e progresso. &#8220;Un visionario&#8221; lo definisce Isabella Covili, gi\u00e0 presidente della Fondazione che ne porta il nome e che lo stesso Spaltro era tornato a presiedere.<\/p>\n\n\n\n<p>Un lutto che colpisce il mondo della psicologia del lavoro ma non solo. Da Emilio Fede a Alessandro Alberani, presidente Acer ed ex segretario bolognese della Cisl, che lo ricorda come &#8216;un maestro&#8217;. E lo fu, anche grazie alla popolarit\u00e0 conquistata attraverso le trasmissioni televisive a contenuto psicologico su Raiuno. Come<em>&nbsp;Test, g<\/em>ioco a quiz a sfondo psicologico, con le domande ideate dallo stesso professore milanese. Enzo Spaltro \u00e8 stato un innovatore, un uomo del futuro, un divulgatore di altissimo lignaggio ed un profilo dotato di una cultura e di una preparazione fuori dal comune.<\/p>\n\n\n\n<p>Lo ricordiamo in una recente intervista a cura di <a href=\"https:\/\/www.francescovaranini.it\/\" class=\"ek-link\">Francesco Varanini<\/a>, autore, consulente e formatore, registrata in occasione di un ciclo di incontri organizzato nel 2017 da <a href=\"https:\/\/www.casadellacultura.it\/index.php\" class=\"ek-link\">Casa della Cultura di Milano<\/a> su &#8216;<a href=\"https:\/\/www.casadellacultura.it\/644\/presente-e-futuro-del-lavoro-umano\" class=\"ek-link\">Presente e futuro del lavoro umano<\/a>&#8216;.<\/p>\n\n\n\n<figure class=\"wp-block-embed aligncenter is-type-video is-provider-youtube wp-block-embed-youtube wp-embed-aspect-4-3 wp-has-aspect-ratio\"><div class=\"wp-block-embed__wrapper\">\n<iframe loading=\"lazy\" title=\"Enzo Spaltro: Il lavoro come affermazione di s\u00e9\" width=\"640\" height=\"480\" src=\"https:\/\/www.youtube.com\/embed\/XDFGnh6Ihxo?feature=oembed\" frameborder=\"0\" allow=\"accelerometer; autoplay; clipboard-write; encrypted-media; gyroscope; picture-in-picture; web-share\" referrerpolicy=\"strict-origin-when-cross-origin\" allowfullscreen><\/iframe>\n<\/div><\/figure>\n\n\n\n<p><strong>29 settembre 2017, ore 18-20<\/strong>, <strong><em>&nbsp;Il lavoro come affermazione di s\u00e9<\/em><\/strong><\/p>\n\n\n\n<figure class=\"wp-block-gallery columns-2 is-cropped wp-block-gallery-2 is-layout-flex wp-block-gallery-is-layout-flex\"><ul class=\"blocks-gallery-grid\"><li class=\"blocks-gallery-item\"><figure><img loading=\"lazy\" decoding=\"async\" width=\"674\" height=\"1024\" src=\"https:\/\/www.guerini.it\/wp-content\/uploads\/2021\/03\/Significato-della-rivoluzione-674x1024.jpg\" alt=\"Enzo Spaltro, Il significato della rivoluzione\" data-id=\"21839\" data-full-url=\"https:\/\/www.guerini.it\/wp-content\/uploads\/2021\/03\/Significato-della-rivoluzione.jpg\" data-link=\"https:\/\/www.guerini.it\/?attachment_id=21839\" class=\"wp-image-21839\" srcset=\"https:\/\/www.guerini.it\/wp-content\/uploads\/2021\/03\/Significato-della-rivoluzione-674x1024.jpg 674w, https:\/\/www.guerini.it\/wp-content\/uploads\/2021\/03\/Significato-della-rivoluzione-197x300.jpg 197w, https:\/\/www.guerini.it\/wp-content\/uploads\/2021\/03\/Significato-della-rivoluzione-768x1167.jpg 768w, https:\/\/www.guerini.it\/wp-content\/uploads\/2021\/03\/Significato-della-rivoluzione-300x456.jpg 300w, https:\/\/www.guerini.it\/wp-content\/uploads\/2021\/03\/Significato-della-rivoluzione-600x912.jpg 600w, https:\/\/www.guerini.it\/wp-content\/uploads\/2021\/03\/Significato-della-rivoluzione-64x97.jpg 64w, https:\/\/www.guerini.it\/wp-content\/uploads\/2021\/03\/Significato-della-rivoluzione.jpg 892w\" sizes=\"auto, (max-width: 674px) 100vw, 674px\" \/><\/figure><\/li><li class=\"blocks-gallery-item\"><figure><img loading=\"lazy\" decoding=\"async\" width=\"660\" height=\"1024\" src=\"https:\/\/www.guerini.it\/wp-content\/uploads\/2021\/03\/Cop.-Carcano-660x1024.jpg\" alt=\"Enzo Spaltro firma la postfazione al libro La partecipazione dei lavoratori alla gestione dell'impresa\" data-id=\"21837\" data-full-url=\"https:\/\/www.guerini.it\/wp-content\/uploads\/2021\/03\/Cop.-Carcano-scaled.jpg\" data-link=\"https:\/\/www.guerini.it\/?attachment_id=21837\" class=\"wp-image-21837\" srcset=\"https:\/\/www.guerini.it\/wp-content\/uploads\/2021\/03\/Cop.-Carcano-660x1024.jpg 660w, https:\/\/www.guerini.it\/wp-content\/uploads\/2021\/03\/Cop.-Carcano-193x300.jpg 193w, https:\/\/www.guerini.it\/wp-content\/uploads\/2021\/03\/Cop.-Carcano-768x1192.jpg 768w, https:\/\/www.guerini.it\/wp-content\/uploads\/2021\/03\/Cop.-Carcano-990x1536.jpg 990w, https:\/\/www.guerini.it\/wp-content\/uploads\/2021\/03\/Cop.-Carcano-1320x2048.jpg 1320w, https:\/\/www.guerini.it\/wp-content\/uploads\/2021\/03\/Cop.-Carcano-300x466.jpg 300w, https:\/\/www.guerini.it\/wp-content\/uploads\/2021\/03\/Cop.-Carcano-600x931.jpg 600w, https:\/\/www.guerini.it\/wp-content\/uploads\/2021\/03\/Cop.-Carcano-64x99.jpg 64w, https:\/\/www.guerini.it\/wp-content\/uploads\/2021\/03\/Cop.-Carcano-scaled.jpg 1650w\" sizes=\"auto, (max-width: 660px) 100vw, 660px\" \/><\/figure><\/li><\/ul><\/figure>\n","protected":false},"excerpt":{"rendered":"<p>Pioniere della psicologia del lavoro, per noi ha scritto &#8216;Il significato della rivoluzione. Psicologia del cambiamento organizzativo&#8216; nel 2004 e ha contribuito alla stesura del volume &#8216;La partecipazione dei lavoratori [&hellip;]<\/p>\n","protected":false},"author":13303,"featured_media":21843,"comment_status":"open","ping_status":"open","sticky":false,"template":"","format":"standard","meta":{"_editorskit_title_hidden":false,"_editorskit_reading_time":1,"_editorskit_is_block_options_detached":false,"_editorskit_block_options_position":"{}","_monsterinsights_skip_tracking":false,"_monsterinsights_sitenote_active":false,"_monsterinsights_sitenote_note":"","_monsterinsights_sitenote_category":0,"footnotes":""},"categories":[89],"tags":[178,90,6911,6912],"class_list":["post-21834","post","type-post","status-publish","format-standard","has-post-thumbnail","hentry","category-management","tag-lavoro","tag-organizzazione","tag-partecipazione-lavorativa","tag-psicologia-del-lavoro"],"yoast_head":"<!-- This site is optimized with the Yoast SEO plugin v25.4 - https:\/\/yoast.com\/wordpress\/plugins\/seo\/ -->\n<title>Enzo Spaltro, addio al professore che dedic\u00f2 la sua vita al benessere delle persone - Guerini e Associati<\/title>\n<meta name=\"description\" content=\"Pioniere della psicologia del lavoro, per noi ha scritto &#039;Il significato della rivoluzione. Psicologia del cambiamento organizzativo&#039; nel 2004 e ha contribuito alla stesura del volume &#039;La partecipazione dei lavoratori alla gestione dell&#039;impresa&#039;.\" \/>\n<meta name=\"robots\" content=\"index, follow, max-snippet:-1, max-image-preview:large, max-video-preview:-1\" \/>\n<link rel=\"canonical\" href=\"https:\/\/www.guerini.it\/index.php\/enzo-spaltro-addio-al-professore-che-dedico-la-sua-vita-al-benessere-delle-persone\/\" \/>\n<meta property=\"og:locale\" content=\"it_IT\" \/>\n<meta property=\"og:type\" content=\"article\" \/>\n<meta property=\"og:title\" content=\"Enzo Spaltro, addio al professore che dedic\u00f2 la sua vita al benessere delle persone - Guerini e Associati\" \/>\n<meta property=\"og:description\" content=\"Pioniere della psicologia del lavoro, per noi ha scritto &#039;Il significato della rivoluzione. Psicologia del cambiamento organizzativo&#039; nel 2004 e ha contribuito alla stesura del volume &#039;La partecipazione dei lavoratori alla gestione dell&#039;impresa&#039;.\" \/>\n<meta property=\"og:url\" content=\"https:\/\/www.guerini.it\/index.php\/enzo-spaltro-addio-al-professore-che-dedico-la-sua-vita-al-benessere-delle-persone\/\" \/>\n<meta property=\"og:site_name\" content=\"Guerini e Associati\" \/>\n<meta property=\"article:published_time\" content=\"2021-03-29T08:19:00+00:00\" \/>\n<meta property=\"article:modified_time\" content=\"2021-03-30T08:33:00+00:00\" \/>\n<meta property=\"og:image\" content=\"https:\/\/www.guerini.it\/wp-content\/uploads\/2021\/03\/spaltro_enzo_fi_yt_universitadellepersone-e1617092982400.jpg\" \/>\n\t<meta property=\"og:image:width\" content=\"330\" \/>\n\t<meta property=\"og:image:height\" content=\"220\" \/>\n\t<meta property=\"og:image:type\" content=\"image\/jpeg\" \/>\n<meta name=\"author\" content=\"Guerini Amministrazione\" \/>\n<meta name=\"twitter:card\" content=\"summary_large_image\" \/>\n<meta name=\"twitter:label1\" content=\"Scritto da\" \/>\n\t<meta name=\"twitter:data1\" content=\"Guerini Amministrazione\" \/>\n\t<meta name=\"twitter:label2\" content=\"Tempo di lettura stimato\" \/>\n\t<meta name=\"twitter:data2\" content=\"2 minuti\" \/>\n<!-- \/ Yoast SEO plugin. -->","yoast_head_json":{"title":"Enzo Spaltro, addio al professore che dedic\u00f2 la sua vita al benessere delle persone - Guerini e Associati","description":"Pioniere della psicologia del lavoro, per noi ha scritto 'Il significato della rivoluzione. Psicologia del cambiamento organizzativo' nel 2004 e ha contribuito alla stesura del volume 'La partecipazione dei lavoratori alla gestione dell'impresa'.","robots":{"index":"index","follow":"follow","max-snippet":"max-snippet:-1","max-image-preview":"max-image-preview:large","max-video-preview":"max-video-preview:-1"},"canonical":"https:\/\/www.guerini.it\/index.php\/enzo-spaltro-addio-al-professore-che-dedico-la-sua-vita-al-benessere-delle-persone\/","og_locale":"it_IT","og_type":"article","og_title":"Enzo Spaltro, addio al professore che dedic\u00f2 la sua vita al benessere delle persone - Guerini e Associati","og_description":"Pioniere della psicologia del lavoro, per noi ha scritto 'Il significato della rivoluzione. Psicologia del cambiamento organizzativo' nel 2004 e ha contribuito alla stesura del volume 'La partecipazione dei lavoratori alla gestione dell'impresa'.","og_url":"https:\/\/www.guerini.it\/index.php\/enzo-spaltro-addio-al-professore-che-dedico-la-sua-vita-al-benessere-delle-persone\/","og_site_name":"Guerini e Associati","article_published_time":"2021-03-29T08:19:00+00:00","article_modified_time":"2021-03-30T08:33:00+00:00","og_image":[{"width":330,"height":220,"url":"https:\/\/www.guerini.it\/wp-content\/uploads\/2021\/03\/spaltro_enzo_fi_yt_universitadellepersone-e1617092982400.jpg","type":"image\/jpeg"}],"author":"Guerini Amministrazione","twitter_card":"summary_large_image","twitter_misc":{"Scritto da":"Guerini Amministrazione","Tempo di lettura stimato":"2 minuti"},"schema":{"@context":"https:\/\/schema.org","@graph":[{"@type":"Article","@id":"https:\/\/www.guerini.it\/index.php\/enzo-spaltro-addio-al-professore-che-dedico-la-sua-vita-al-benessere-delle-persone\/#article","isPartOf":{"@id":"https:\/\/www.guerini.it\/index.php\/enzo-spaltro-addio-al-professore-che-dedico-la-sua-vita-al-benessere-delle-persone\/"},"author":{"name":"Guerini Amministrazione","@id":"https:\/\/www.guerini.it\/#\/schema\/person\/1eb0a90f978cc12038afcf4faf531079"},"headline":"Enzo Spaltro, addio al professore che dedic\u00f2 la sua vita al benessere delle persone","datePublished":"2021-03-29T08:19:00+00:00","dateModified":"2021-03-30T08:33:00+00:00","mainEntityOfPage":{"@id":"https:\/\/www.guerini.it\/index.php\/enzo-spaltro-addio-al-professore-che-dedico-la-sua-vita-al-benessere-delle-persone\/"},"wordCount":295,"commentCount":0,"publisher":{"@id":"https:\/\/www.guerini.it\/#organization"},"image":{"@id":"https:\/\/www.guerini.it\/index.php\/enzo-spaltro-addio-al-professore-che-dedico-la-sua-vita-al-benessere-delle-persone\/#primaryimage"},"thumbnailUrl":"https:\/\/www.guerini.it\/wp-content\/uploads\/2021\/03\/spaltro_enzo_fi_yt_universitadellepersone-e1617092982400.jpg","keywords":["lavoro","organizzazione","Partecipazione lavorativa","Psicologia del lavoro"],"articleSection":["Management"],"inLanguage":"it-IT","potentialAction":[{"@type":"CommentAction","name":"Comment","target":["https:\/\/www.guerini.it\/index.php\/enzo-spaltro-addio-al-professore-che-dedico-la-sua-vita-al-benessere-delle-persone\/#respond"]}]},{"@type":"WebPage","@id":"https:\/\/www.guerini.it\/index.php\/enzo-spaltro-addio-al-professore-che-dedico-la-sua-vita-al-benessere-delle-persone\/","url":"https:\/\/www.guerini.it\/index.php\/enzo-spaltro-addio-al-professore-che-dedico-la-sua-vita-al-benessere-delle-persone\/","name":"Enzo Spaltro, addio al professore che dedic\u00f2 la sua vita al benessere delle persone - Guerini e Associati","isPartOf":{"@id":"https:\/\/www.guerini.it\/#website"},"primaryImageOfPage":{"@id":"https:\/\/www.guerini.it\/index.php\/enzo-spaltro-addio-al-professore-che-dedico-la-sua-vita-al-benessere-delle-persone\/#primaryimage"},"image":{"@id":"https:\/\/www.guerini.it\/index.php\/enzo-spaltro-addio-al-professore-che-dedico-la-sua-vita-al-benessere-delle-persone\/#primaryimage"},"thumbnailUrl":"https:\/\/www.guerini.it\/wp-content\/uploads\/2021\/03\/spaltro_enzo_fi_yt_universitadellepersone-e1617092982400.jpg","datePublished":"2021-03-29T08:19:00+00:00","dateModified":"2021-03-30T08:33:00+00:00","description":"Pioniere della psicologia del lavoro, per noi ha scritto 'Il significato della rivoluzione. Psicologia del cambiamento organizzativo' nel 2004 e ha contribuito alla stesura del volume 'La partecipazione dei lavoratori alla gestione dell'impresa'.","breadcrumb":{"@id":"https:\/\/www.guerini.it\/index.php\/enzo-spaltro-addio-al-professore-che-dedico-la-sua-vita-al-benessere-delle-persone\/#breadcrumb"},"inLanguage":"it-IT","potentialAction":[{"@type":"ReadAction","target":["https:\/\/www.guerini.it\/index.php\/enzo-spaltro-addio-al-professore-che-dedico-la-sua-vita-al-benessere-delle-persone\/"]}]},{"@type":"ImageObject","inLanguage":"it-IT","@id":"https:\/\/www.guerini.it\/index.php\/enzo-spaltro-addio-al-professore-che-dedico-la-sua-vita-al-benessere-delle-persone\/#primaryimage","url":"https:\/\/www.guerini.it\/wp-content\/uploads\/2021\/03\/spaltro_enzo_fi_yt_universitadellepersone-e1617092982400.jpg","contentUrl":"https:\/\/www.guerini.it\/wp-content\/uploads\/2021\/03\/spaltro_enzo_fi_yt_universitadellepersone-e1617092982400.jpg","width":330,"height":220},{"@type":"BreadcrumbList","@id":"https:\/\/www.guerini.it\/index.php\/enzo-spaltro-addio-al-professore-che-dedico-la-sua-vita-al-benessere-delle-persone\/#breadcrumb","itemListElement":[{"@type":"ListItem","position":1,"name":"Home","item":"https:\/\/www.guerini.it\/"},{"@type":"ListItem","position":2,"name":"Enzo Spaltro, addio al professore che dedic\u00f2 la sua vita al benessere delle persone"}]},{"@type":"WebSite","@id":"https:\/\/www.guerini.it\/#website","url":"https:\/\/www.guerini.it\/","name":"Guerini e Associati","description":"30 anni di libri, idee e libert\u00e0","publisher":{"@id":"https:\/\/www.guerini.it\/#organization"},"potentialAction":[{"@type":"SearchAction","target":{"@type":"EntryPoint","urlTemplate":"https:\/\/www.guerini.it\/?s={search_term_string}"},"query-input":{"@type":"PropertyValueSpecification","valueRequired":true,"valueName":"search_term_string"}}],"inLanguage":"it-IT"},{"@type":"Organization","@id":"https:\/\/www.guerini.it\/#organization","name":"Guerini e Associati","url":"https:\/\/www.guerini.it\/","logo":{"@type":"ImageObject","inLanguage":"it-IT","@id":"https:\/\/www.guerini.it\/#\/schema\/logo\/image\/","url":"https:\/\/www.guerini.it\/wp-content\/uploads\/2021\/03\/Logo-Guerini-OK_-e1615831292285.png","contentUrl":"https:\/\/www.guerini.it\/wp-content\/uploads\/2021\/03\/Logo-Guerini-OK_-e1615831292285.png","width":2805,"height":1870,"caption":"Guerini e Associati"},"image":{"@id":"https:\/\/www.guerini.it\/#\/schema\/logo\/image\/"}},{"@type":"Person","@id":"https:\/\/www.guerini.it\/#\/schema\/person\/1eb0a90f978cc12038afcf4faf531079","name":"Guerini Amministrazione","image":{"@type":"ImageObject","inLanguage":"it-IT","@id":"https:\/\/www.guerini.it\/#\/schema\/person\/image\/","url":"https:\/\/secure.gravatar.com\/avatar\/d202c2cfd511eafa0b29ecc7ec2a4347d5b6fab347be515347ce5b392737ca4d?s=96&d=mm&r=g","contentUrl":"https:\/\/secure.gravatar.com\/avatar\/d202c2cfd511eafa0b29ecc7ec2a4347d5b6fab347be515347ce5b392737ca4d?s=96&d=mm&r=g","caption":"Guerini Amministrazione"},"url":"https:\/\/www.guerini.it\/index.php\/author\/gueriniadmin\/"}]}},"_links":{"self":[{"href":"https:\/\/www.guerini.it\/index.php\/wp-json\/wp\/v2\/posts\/21834","targetHints":{"allow":["GET"]}}],"collection":[{"href":"https:\/\/www.guerini.it\/index.php\/wp-json\/wp\/v2\/posts"}],"about":[{"href":"https:\/\/www.guerini.it\/index.php\/wp-json\/wp\/v2\/types\/post"}],"author":[{"embeddable":true,"href":"https:\/\/www.guerini.it\/index.php\/wp-json\/wp\/v2\/users\/13303"}],"replies":[{"embeddable":true,"href":"https:\/\/www.guerini.it\/index.php\/wp-json\/wp\/v2\/comments?post=21834"}],"version-history":[{"count":6,"href":"https:\/\/www.guerini.it\/index.php\/wp-json\/wp\/v2\/posts\/21834\/revisions"}],"predecessor-version":[{"id":23315,"href":"https:\/\/www.guerini.it\/index.php\/wp-json\/wp\/v2\/posts\/21834\/revisions\/23315"}],"wp:featuredmedia":[{"embeddable":true,"href":"https:\/\/www.guerini.it\/index.php\/wp-json\/wp\/v2\/media\/21843"}],"wp:attachment":[{"href":"https:\/\/www.guerini.it\/index.php\/wp-json\/wp\/v2\/media?parent=21834"}],"wp:term":[{"taxonomy":"category","embeddable":true,"href":"https:\/\/www.guerini.it\/index.php\/wp-json\/wp\/v2\/categories?post=21834"},{"taxonomy":"post_tag","embeddable":true,"href":"https:\/\/www.guerini.it\/index.php\/wp-json\/wp\/v2\/tags?post=21834"}],"curies":[{"name":"wp","href":"https:\/\/api.w.org\/{rel}","templated":true}]}}