{"id":22351,"date":"2021-12-17T09:28:41","date_gmt":"2021-12-17T08:28:41","guid":{"rendered":"https:\/\/www.guerini.it\/?p=22351"},"modified":"2021-12-21T16:32:28","modified_gmt":"2021-12-21T15:32:28","slug":"i-kata-per-fare-infissi-in-grado-di-resistere-alla-pressione-atmosferica-di-marte-la-testimonianza-del-direttore-di-produzione-serrall-urania-group-filippo-maone","status":"publish","type":"post","link":"https:\/\/www.guerini.it\/index.php\/i-kata-per-fare-infissi-in-grado-di-resistere-alla-pressione-atmosferica-di-marte-la-testimonianza-del-direttore-di-produzione-serrall-urania-group-filippo-maone\/","title":{"rendered":"Kata per fare infissi in grado di resistere alla pressione atmosferica di Marte"},"content":{"rendered":"\n<p><\/p>\n\n\n\n<h2 class=\"wp-block-heading\">La testimonianza del direttore di produzione Serrall (urania group) Filippo Maone.<\/h2>\n\n\n\n<h3 class=\"wp-block-heading\">A cura di euxilia.<\/h3>\n\n\n\n<!--more-->\n\n\n\n<p><span style=\"text-decoration: underline;\" class=\"ek-underline\"><strong>Come hai iniziato questo percorso?<\/strong><\/span><\/p>\n\n\n\n<p>\u00c8 stata una scelta aziendale, partita dalla trasformazione lean con tutti i suoi strumenti. Da un&#8217;imposizione \u00e8 diventato un piacere.<\/p>\n\n\n\n<p><strong><span style=\"text-decoration: underline;\" class=\"ek-underline\">Qual \u00e8 stata la tua prima reazione all\u2019approccio con i Kata?<\/span><\/strong><\/p>\n\n\n\n<p>La prima reazione \u00e8 stata di confusione\u2026 non riuscivo a capire quale sarebbe stato il punto di arrivo. Vedevo l&#8217;inizio, vedevo la sfida che mi ero posto, ma non il percorso da seguire. Grazie alla formazione proposta dal mio coach sono diventato a poco a poco consapevole del percorso che dovevo seguire e del come. Per mezz\u2019ora ogni mattina lavoravamo su un tabellone dove ogni giorno monitoravamo la sfida, la condizione attuale, la condizione desiderata e soprattutto gli esperimenti provati finora e quelli da fare.<\/p>\n\n\n\n<p><strong><span style=\"text-decoration: underline;\" class=\"ek-underline\">Quando hai capito che funzionava per te?<\/span><\/strong><\/p>\n\n\n\n<p>Quando ho iniziato ad applicare questo strumento anche al di fuori del lavoro. Ho provato ad applicarlo anche nella gestione della casa, nel metodo con cui insegno a mio figlio. Me lo sono cucito addosso e ho iniziato a notare i risultati, quindi ho iniziato a usarlo ancora di pi\u00f9. Ci sono state anche delle sconfitte ma sono riuscito a vedere delle opportunit\u00e0.<\/p>\n\n\n\n<p>Prima vedevo le sconfitte come dei problemi, mi sentivo sfiduciato. Adesso riesco a vederle come opportunit\u00e0 di miglioramento. La partita persa in quel momento, se osservata con attenzione, mostra quali sono gli elementi per vincere. Per questo non esistono partite completamente perse.<\/p>\n\n\n\n<p><strong><span style=\"text-decoration: underline;\" class=\"ek-underline\">Quali risultati hai osservato?<\/span><\/strong><\/p>\n\n\n\n<p>I risultati riguardano principalmente tre ambiti. Il primo per importanza per me \u00e8 quello della consapevolezza. Mi sono reso conto che non ero realmente consapevole di ci\u00f2 che accadeva intorno a me. Faccio un esempio pratico: c\u2019era un problema, una macchina che smetteva di funzionare. Ogni volta che era successo prima, la mia reazione era stata chiedermi \u201cok, come lo risolvo?\u201d Il passo successivo era chiamare un manutentore, che si occupava repentinamente di farla ripartire. Risolto. Dopo due settimane, per\u00f2, la macchina smetteva nuovamente di funzionare. E sono andato avanti cos\u00ec per tantissimo tempo, semplicemente non considerando di approfondire in prima persona quale fosse il reale problema della macchina, quindi andando a cercare delle soluzioni rapide e temporanee. Da quando ho iniziato questo percorso, il mio modo di affrontare gli ostacoli \u00e8 cambiato. Avevo come sfida personale con il mio coach quella di diminuire i fermi macchina. Quindi per la prima volta mi sono chiesto \u201cperch\u00e9 quel pezzo si rompe sempre?\u201d Ero diventato curioso, e volevo andare fino in fondo. Alla fine abbiamo capito che non andava bene un pistone meccanico, ne serviva uno idraulico. Ho imparato che osservare con attenzione e senza fermarsi alla superficie permette di acquisire consapevolezza del problema vero, quindi significa risolverlo in via definitiva.<\/p>\n\n\n\n<p>Il secondo vantaggio che ho riscontrato riguarda il coinvolgimento delle persone in azienda. Tutto \u00e8 iniziato dal fatto che avevo delle sfide mie per le quali dovevo condurre degli esperimenti. Non potevo farlo da solo, cos\u00ec ho iniziato a coinvolgere altre persone, delegando. Questo mi ha portato a trasferire la conoscenza che io stesso stavo acquisendo ad altri, che l\u2019hanno fatta propria. La prima cosa che ho notato \u00e8 stata ad agosto: in passato avrei ricevuto decine di chiamate dalla produzione per richieste di aiuto. Questo agosto ne ho ricevuta una sola. Le persone non sentivano pi\u00f9 la necessit\u00e0 di ricorrere a me per qualsiasi cosa, come in passato quando facevo \u201cil pompiere\u201d della situazione: se incontravano un problema, sentivano di aver acquisito un metodo per affrontarlo da sole, procedendo coi propri esperimenti. Adesso vengono da me per comunicarmi delle cose gi\u00e0 avvenute, non in cerca di risposte. Questo mi fa capire come si siano responsabilizzati: il fatto che non abbiano pi\u00f9 cos\u00ec tanto bisogno di me.<\/p>\n\n\n\n<p>Sentire le persone cos\u00ec coinvolte ha portato a un miglioramento delle relazioni molto significativo. So che si sentono protagonisti come non lo erano mai stati. Si sentono importanti, sentono che non sono l\u00ec per premere un tasto o usare un trapano, sentono che quello che fanno ha un valore per noi dirigenti.<\/p>\n\n\n\n<p>Il terzo vantaggio riguarda i numeri. Ci sono stati miglioramenti sostanziali in termini di KPI. La produttivit\u00e0 \u00e8 aumentata, l\u2019efficienza \u00e8 salita dal 45 all\u201983%, in alcuni periodi al 90%. Abbiamo ridotto i costi di manodopera dal 24 al 19%. E chiaramente tutti questi numeri si traducono in euro.<\/p>\n\n\n\n<div class=\"wp-block-image\"><figure class=\"aligncenter size-large is-resized\"><img loading=\"lazy\" decoding=\"async\" src=\"https:\/\/www.guerini.it\/wp-content\/uploads\/2021\/12\/KATA_copertina_EXE-729x1024.jpg\" alt=\"\" class=\"wp-image-22353\" width=\"547\" height=\"768\" srcset=\"https:\/\/www.guerini.it\/wp-content\/uploads\/2021\/12\/KATA_copertina_EXE-729x1024.jpg 729w, https:\/\/www.guerini.it\/wp-content\/uploads\/2021\/12\/KATA_copertina_EXE-214x300.jpg 214w, https:\/\/www.guerini.it\/wp-content\/uploads\/2021\/12\/KATA_copertina_EXE-768x1078.jpg 768w, https:\/\/www.guerini.it\/wp-content\/uploads\/2021\/12\/KATA_copertina_EXE-1094x1536.jpg 1094w, https:\/\/www.guerini.it\/wp-content\/uploads\/2021\/12\/KATA_copertina_EXE-1459x2048.jpg 1459w, https:\/\/www.guerini.it\/wp-content\/uploads\/2021\/12\/KATA_copertina_EXE-300x421.jpg 300w, https:\/\/www.guerini.it\/wp-content\/uploads\/2021\/12\/KATA_copertina_EXE-600x842.jpg 600w, https:\/\/www.guerini.it\/wp-content\/uploads\/2021\/12\/KATA_copertina_EXE-64x90.jpg 64w, https:\/\/www.guerini.it\/wp-content\/uploads\/2021\/12\/KATA_copertina_EXE-scaled.jpg 1824w\" sizes=\"auto, (max-width: 547px) 100vw, 547px\" \/><figcaption>Toyota Kata. Guida pratica di Mike Rother. Edizione italiana a cura di euxilia<\/figcaption><\/figure><\/div>\n\n\n\n<p><strong><span style=\"text-decoration: underline;\" class=\"ek-underline\">Come ci si sente ad aver fatto questo salto? &nbsp;<\/span><\/strong><\/p>\n\n\n\n<p>\u00c8 costata tanta fatica all\u2019inizio, per far capire alla gente quello che stavamo facendo. I giovani imparano in fretta e si sono adattati al nuovo modello. Quelli che sono qui da 40 anni hanno avuto iniziali difficolt\u00e0. \u00c8 stato il parlare tanto con loro e il coinvolgerli profondamente ad aiutarmi a portarli dalla nostra parte. Adesso sto recuperando, mi sto godendo i frutti di quanto ho seminato. Mi sento soddisfatto di tutti gli obiettivi che abbiamo raggiunto finora, sia dei miei personali che di quelli del mio team. Si \u00e8 creato un clima per cui la soddisfazione si contagia e la vittoria di uno diventa vittoria di tutti. Vogliamo che le persone possano lavorare in maniera serena, e questo significa che possano sentirsi spesso soddisfatti e venire a lavoro sentendosi motivati. Abbiamo visto quanto questo abbia ricadute positive sui risultati.<\/p>\n\n\n\n<p><strong><span style=\"text-decoration: underline;\" class=\"ek-underline\">Quale impatto ha avuto questo progetto sulla cultura aziendale?<\/span><\/strong><\/p>\n\n\n\n<p>La cultura \u00e8 sicuramente cambiata, da vari punti di vista. Per prima cosa \u00e8 cambiata la visione in prospettiva. Io sono dell\u2019idea che tutte le aziende, prima o poi, siano destinate a chiudere. Se prima questa ci sembrava una possibilit\u00e0 vicina, adesso sentiamo di avere le basi per sopravvivere a lungo, e queste basi sono il formarci e aggiornarci sempre. Questo \u00e8 un ringiovanimento.<\/p>\n\n\n\n<p>Questo interesse per il formarci e aggiornarci io lo vedo anche in persone che non avrei mai pensato. Li vedo che leggono, che si interessano e si informano. Vedo persone andare via molto dopo l&#8217;orario di chiusura perch\u00e9 dicono di essersi appassionati. La cultura attuale \u00e8 improntata dal valore dell&#8217;imparare e dell&#8217;aggiornarsi. Ed \u00e8 cambiata anche in termini di senso di appartenenza. Per esempio, prima era difficilissimo trovare persone disponibili a lavorare il sabato, adesso s\u00ec. Quando c&#8217;\u00e8 un problema non viene lasciato a chi arriver\u00e0 nel turno seguente, rispetto a prima osservo che si tende a rimanere e ad occuparsene in prima persona senza \u201cscaricarlo\u201d a chi viene dopo. Si sono anche creati gruppi su Whatsapp dove si condividono problemi, soprattutto di lavoro ma anche personali. C\u2019\u00e8 un\u2019atmosfera di cooperazione e aiuto. Mi ha fatto molto piacere accorgermi che in questi gruppi privati siamo stati inclusi anche noi responsabili, come se non fossimo pi\u00f9 visti come distanti e al di sopra del \u201cgruppo\u201d.<\/p>\n\n\n\n<p><strong><span style=\"text-decoration: underline;\" class=\"ek-underline\">&nbsp;Che impatto ha avuto e avr\u00e0 sulla creazione di nuovi leader?<\/span><\/strong><\/p>\n\n\n\n<p>Il leader \u00e8 diverso dal capo. Il capo \u00e8 convinto della sua idea, dice agli altri cosa devono fare. Il leader invece &nbsp;\u00e8 la \u201ctesta\u201d di un team. Ascolta tutto ci\u00f2 che c&#8217;\u00e8 da ascoltare, facilita la formulazione di una sfida e traccia un percorso. Non \u00e8 la sua idea o la sua imposizione quello che \u00e8 determinante, ma la direzione nata da un gruppo. Adesso ognuno di noi, leader in primis, \u00e8 consapevole di quello che sa e di quello che non sa. Questo aumenta la curiosit\u00e0 di ognuno, la voglia di scoprire cosa fa l&#8217;altro. Unendo tutte le idee e le angolazioni di consapevolezza di ciascuno, il gruppo diventa come un unico individuo che \u00e8 capace di prendere decisioni e affrontare al meglio le sfide forte di una consapevolezza molto elevata.<\/p>\n\n\n\n<p><strong><span style=\"text-decoration: underline;\" class=\"ek-underline\">Che ruolo ha giocato l\u2019applicare il pensiero scientifico rispetto a quello tradizionale?<\/span><\/strong><\/p>\n\n\n\n<p>Il pensiero scientifico si basa su fatti e dati. Devi vedere quello che stai facendo, quello che fa una macchina per poi decidere delle azioni che ti permettano di raggiungere un obiettivo. \u00c8 un metodo che fornisce uno schema ben preciso di cose da fare per arrivare a un obiettivo. Prima il mio approccio era quello di ipotizzare, provarci, se andava bene ero contento, se andava male non ero realmente consapevole del perch\u00e9. Misuravo poco, guardavo meno numeri e dati, e spesso non riuscivo a mantenere nel tempo le azioni che mettevo in atto, iniziavo e tipicamente dopo 2 mesi perdevo la spinta. Il pi\u00f9 grosso cambiamento che vedo, lo ripeto, \u00e8 sapere cosa so e cosa mi manca da sapere, questo \u00e8 cruciale per il mio lavoro. Dal \u201cnon lo so\u201d parte tutto. Prima quando qualcuno mi rispondeva \u201cnon lo so\u201d lo interpretavo negativamente. Adesso invece la vedo come una cosa onesta e utile da dire, che aiuta a capire in quale direzione \u00e8 importante espandere la consapevolezza facendo degli esperimenti. Non sono io a dover ovviare a quel \u201cnon lo so\u201d con una risposta, anzi. \u00c8 un punto di partenza.<\/p>\n\n\n\n<p>Il pensiero scientifico mi ha portato inevitabilmente a intraprendere un numero assai maggiore di azioni rispetto a quello che avrei fatto prima: entrando di pi\u00f9 nel problema, con curiosit\u00e0, finisci inevitabilmente per cogliere pi\u00f9 aspetti, quindi di fatto agisci di pi\u00f9.<\/p>\n\n\n\n<p><strong><span style=\"text-decoration: underline;\" class=\"ek-underline\">C\u2019\u00e8 qualcos\u2019altro che vorresti raccontare della tua esperienza?<\/span><\/strong><\/p>\n\n\n\n<p>A volte mi chiedo dove saremo tra vent\u2019anni. Immagino un\u2019azienda ancora giovane, ancora capace di mettere sul mercato prodotti eccellenti e al passo coi tempi. Chiss\u00e0, magari faremo gli infissi pensati per resistere alla pressione atmosferica di Marte. Mi sono chiesto se, quando questa trasformazione sar\u00e0 entrata a far parte delle nostre fondamenta e il livello di consapevolezza sar\u00e0 elevatissimo, continuer\u00f2 ad avere cos\u00ec tanti stimoli come ne ho adesso. Probabilmente no. Quello che mi piace pensare, per\u00f2, \u00e8 immaginarmi in un ruolo diverso.<\/p>\n\n\n\n<p><strong><span style=\"text-decoration: underline;\" class=\"ek-underline\">In quale ruolo?<\/span><\/strong><\/p>\n\n\n\n<p>In quello di insegnante. Insegner\u00f2 ai nuovi arrivati come acquisire questa mentalit\u00e0, questi strumenti. Penso vorr\u00f2 continuare a trasmettere quello che ho imparato.<\/p>\n","protected":false},"excerpt":{"rendered":"<p>La testimonianza del direttore di produzione Serrall (urania group) Filippo Maone. A cura di euxilia.<\/p>\n","protected":false},"author":13304,"featured_media":22356,"comment_status":"open","ping_status":"open","sticky":false,"template":"","format":"standard","meta":{"_editorskit_title_hidden":false,"_editorskit_reading_time":6,"_editorskit_is_block_options_detached":false,"_editorskit_block_options_position":"{}","_monsterinsights_skip_tracking":false,"_monsterinsights_sitenote_active":false,"_monsterinsights_sitenote_note":"","_monsterinsights_sitenote_category":0,"footnotes":""},"categories":[71,89],"tags":[],"class_list":["post-22351","post","type-post","status-publish","format-standard","has-post-thumbnail","hentry","category-lean-system","category-management"],"yoast_head":"<!-- This site is optimized with the Yoast SEO plugin v25.4 - https:\/\/yoast.com\/wordpress\/plugins\/seo\/ -->\n<title>Kata per fare infissi in grado di resistere alla pressione atmosferica di Marte - Guerini e Associati<\/title>\n<meta name=\"robots\" content=\"index, follow, max-snippet:-1, max-image-preview:large, max-video-preview:-1\" \/>\n<link rel=\"canonical\" href=\"https:\/\/www.guerini.it\/index.php\/i-kata-per-fare-infissi-in-grado-di-resistere-alla-pressione-atmosferica-di-marte-la-testimonianza-del-direttore-di-produzione-serrall-urania-group-filippo-maone\/\" \/>\n<meta property=\"og:locale\" content=\"it_IT\" \/>\n<meta property=\"og:type\" content=\"article\" \/>\n<meta property=\"og:title\" content=\"Kata per fare infissi in grado di resistere alla pressione atmosferica di Marte - Guerini e Associati\" \/>\n<meta property=\"og:description\" content=\"La testimonianza del direttore di produzione Serrall (urania group) Filippo Maone. A cura di euxilia.\" \/>\n<meta property=\"og:url\" content=\"https:\/\/www.guerini.it\/index.php\/i-kata-per-fare-infissi-in-grado-di-resistere-alla-pressione-atmosferica-di-marte-la-testimonianza-del-direttore-di-produzione-serrall-urania-group-filippo-maone\/\" \/>\n<meta property=\"og:site_name\" content=\"Guerini e Associati\" \/>\n<meta property=\"article:published_time\" content=\"2021-12-17T08:28:41+00:00\" \/>\n<meta property=\"article:modified_time\" content=\"2021-12-21T15:32:28+00:00\" \/>\n<meta property=\"og:image\" content=\"https:\/\/www.guerini.it\/wp-content\/uploads\/2021\/12\/0001-scaled-e1639750440917.jpg\" \/>\n\t<meta property=\"og:image:width\" content=\"1742\" \/>\n\t<meta property=\"og:image:height\" content=\"1100\" \/>\n\t<meta property=\"og:image:type\" content=\"image\/jpeg\" \/>\n<meta name=\"author\" content=\"Margherita Puzzo\" \/>\n<meta name=\"twitter:card\" content=\"summary_large_image\" \/>\n<meta name=\"twitter:label1\" content=\"Scritto da\" \/>\n\t<meta name=\"twitter:data1\" content=\"Margherita Puzzo\" \/>\n\t<meta name=\"twitter:label2\" content=\"Tempo di lettura stimato\" \/>\n\t<meta name=\"twitter:data2\" content=\"9 minuti\" \/>\n<!-- \/ Yoast SEO plugin. -->","yoast_head_json":{"title":"Kata per fare infissi in grado di resistere alla pressione atmosferica di Marte - Guerini e Associati","robots":{"index":"index","follow":"follow","max-snippet":"max-snippet:-1","max-image-preview":"max-image-preview:large","max-video-preview":"max-video-preview:-1"},"canonical":"https:\/\/www.guerini.it\/index.php\/i-kata-per-fare-infissi-in-grado-di-resistere-alla-pressione-atmosferica-di-marte-la-testimonianza-del-direttore-di-produzione-serrall-urania-group-filippo-maone\/","og_locale":"it_IT","og_type":"article","og_title":"Kata per fare infissi in grado di resistere alla pressione atmosferica di Marte - Guerini e Associati","og_description":"La testimonianza del direttore di produzione Serrall (urania group) Filippo Maone. A cura di euxilia.","og_url":"https:\/\/www.guerini.it\/index.php\/i-kata-per-fare-infissi-in-grado-di-resistere-alla-pressione-atmosferica-di-marte-la-testimonianza-del-direttore-di-produzione-serrall-urania-group-filippo-maone\/","og_site_name":"Guerini e Associati","article_published_time":"2021-12-17T08:28:41+00:00","article_modified_time":"2021-12-21T15:32:28+00:00","og_image":[{"width":1742,"height":1100,"url":"https:\/\/www.guerini.it\/wp-content\/uploads\/2021\/12\/0001-scaled-e1639750440917.jpg","type":"image\/jpeg"}],"author":"Margherita Puzzo","twitter_card":"summary_large_image","twitter_misc":{"Scritto da":"Margherita Puzzo","Tempo di lettura stimato":"9 minuti"},"schema":{"@context":"https:\/\/schema.org","@graph":[{"@type":"Article","@id":"https:\/\/www.guerini.it\/index.php\/i-kata-per-fare-infissi-in-grado-di-resistere-alla-pressione-atmosferica-di-marte-la-testimonianza-del-direttore-di-produzione-serrall-urania-group-filippo-maone\/#article","isPartOf":{"@id":"https:\/\/www.guerini.it\/index.php\/i-kata-per-fare-infissi-in-grado-di-resistere-alla-pressione-atmosferica-di-marte-la-testimonianza-del-direttore-di-produzione-serrall-urania-group-filippo-maone\/"},"author":{"name":"Margherita Puzzo","@id":"https:\/\/www.guerini.it\/#\/schema\/person\/967703dca40d9a5c3919949269184199"},"headline":"Kata per fare infissi in grado di resistere alla pressione atmosferica di Marte","datePublished":"2021-12-17T08:28:41+00:00","dateModified":"2021-12-21T15:32:28+00:00","mainEntityOfPage":{"@id":"https:\/\/www.guerini.it\/index.php\/i-kata-per-fare-infissi-in-grado-di-resistere-alla-pressione-atmosferica-di-marte-la-testimonianza-del-direttore-di-produzione-serrall-urania-group-filippo-maone\/"},"wordCount":1632,"commentCount":0,"publisher":{"@id":"https:\/\/www.guerini.it\/#organization"},"image":{"@id":"https:\/\/www.guerini.it\/index.php\/i-kata-per-fare-infissi-in-grado-di-resistere-alla-pressione-atmosferica-di-marte-la-testimonianza-del-direttore-di-produzione-serrall-urania-group-filippo-maone\/#primaryimage"},"thumbnailUrl":"https:\/\/www.guerini.it\/wp-content\/uploads\/2021\/12\/0001-scaled-e1639750440917.jpg","articleSection":["Lean System","Management"],"inLanguage":"it-IT","potentialAction":[{"@type":"CommentAction","name":"Comment","target":["https:\/\/www.guerini.it\/index.php\/i-kata-per-fare-infissi-in-grado-di-resistere-alla-pressione-atmosferica-di-marte-la-testimonianza-del-direttore-di-produzione-serrall-urania-group-filippo-maone\/#respond"]}]},{"@type":"WebPage","@id":"https:\/\/www.guerini.it\/index.php\/i-kata-per-fare-infissi-in-grado-di-resistere-alla-pressione-atmosferica-di-marte-la-testimonianza-del-direttore-di-produzione-serrall-urania-group-filippo-maone\/","url":"https:\/\/www.guerini.it\/index.php\/i-kata-per-fare-infissi-in-grado-di-resistere-alla-pressione-atmosferica-di-marte-la-testimonianza-del-direttore-di-produzione-serrall-urania-group-filippo-maone\/","name":"Kata per fare infissi in grado di resistere alla pressione atmosferica di Marte - Guerini e Associati","isPartOf":{"@id":"https:\/\/www.guerini.it\/#website"},"primaryImageOfPage":{"@id":"https:\/\/www.guerini.it\/index.php\/i-kata-per-fare-infissi-in-grado-di-resistere-alla-pressione-atmosferica-di-marte-la-testimonianza-del-direttore-di-produzione-serrall-urania-group-filippo-maone\/#primaryimage"},"image":{"@id":"https:\/\/www.guerini.it\/index.php\/i-kata-per-fare-infissi-in-grado-di-resistere-alla-pressione-atmosferica-di-marte-la-testimonianza-del-direttore-di-produzione-serrall-urania-group-filippo-maone\/#primaryimage"},"thumbnailUrl":"https:\/\/www.guerini.it\/wp-content\/uploads\/2021\/12\/0001-scaled-e1639750440917.jpg","datePublished":"2021-12-17T08:28:41+00:00","dateModified":"2021-12-21T15:32:28+00:00","breadcrumb":{"@id":"https:\/\/www.guerini.it\/index.php\/i-kata-per-fare-infissi-in-grado-di-resistere-alla-pressione-atmosferica-di-marte-la-testimonianza-del-direttore-di-produzione-serrall-urania-group-filippo-maone\/#breadcrumb"},"inLanguage":"it-IT","potentialAction":[{"@type":"ReadAction","target":["https:\/\/www.guerini.it\/index.php\/i-kata-per-fare-infissi-in-grado-di-resistere-alla-pressione-atmosferica-di-marte-la-testimonianza-del-direttore-di-produzione-serrall-urania-group-filippo-maone\/"]}]},{"@type":"ImageObject","inLanguage":"it-IT","@id":"https:\/\/www.guerini.it\/index.php\/i-kata-per-fare-infissi-in-grado-di-resistere-alla-pressione-atmosferica-di-marte-la-testimonianza-del-direttore-di-produzione-serrall-urania-group-filippo-maone\/#primaryimage","url":"https:\/\/www.guerini.it\/wp-content\/uploads\/2021\/12\/0001-scaled-e1639750440917.jpg","contentUrl":"https:\/\/www.guerini.it\/wp-content\/uploads\/2021\/12\/0001-scaled-e1639750440917.jpg","width":1742,"height":1100},{"@type":"BreadcrumbList","@id":"https:\/\/www.guerini.it\/index.php\/i-kata-per-fare-infissi-in-grado-di-resistere-alla-pressione-atmosferica-di-marte-la-testimonianza-del-direttore-di-produzione-serrall-urania-group-filippo-maone\/#breadcrumb","itemListElement":[{"@type":"ListItem","position":1,"name":"Home","item":"https:\/\/www.guerini.it\/"},{"@type":"ListItem","position":2,"name":"Kata per fare infissi in grado di resistere alla pressione atmosferica di Marte"}]},{"@type":"WebSite","@id":"https:\/\/www.guerini.it\/#website","url":"https:\/\/www.guerini.it\/","name":"Guerini e Associati","description":"30 anni di libri, idee e libert\u00e0","publisher":{"@id":"https:\/\/www.guerini.it\/#organization"},"potentialAction":[{"@type":"SearchAction","target":{"@type":"EntryPoint","urlTemplate":"https:\/\/www.guerini.it\/?s={search_term_string}"},"query-input":{"@type":"PropertyValueSpecification","valueRequired":true,"valueName":"search_term_string"}}],"inLanguage":"it-IT"},{"@type":"Organization","@id":"https:\/\/www.guerini.it\/#organization","name":"Guerini e Associati","url":"https:\/\/www.guerini.it\/","logo":{"@type":"ImageObject","inLanguage":"it-IT","@id":"https:\/\/www.guerini.it\/#\/schema\/logo\/image\/","url":"https:\/\/www.guerini.it\/wp-content\/uploads\/2021\/03\/Logo-Guerini-OK_-e1615831292285.png","contentUrl":"https:\/\/www.guerini.it\/wp-content\/uploads\/2021\/03\/Logo-Guerini-OK_-e1615831292285.png","width":2805,"height":1870,"caption":"Guerini e Associati"},"image":{"@id":"https:\/\/www.guerini.it\/#\/schema\/logo\/image\/"}},{"@type":"Person","@id":"https:\/\/www.guerini.it\/#\/schema\/person\/967703dca40d9a5c3919949269184199","name":"Margherita Puzzo","image":{"@type":"ImageObject","inLanguage":"it-IT","@id":"https:\/\/www.guerini.it\/#\/schema\/person\/image\/","url":"https:\/\/secure.gravatar.com\/avatar\/b595c1c87bc9163bee8c169a924886a20ec93110555b11dd70523be37cec9612?s=96&d=mm&r=g","contentUrl":"https:\/\/secure.gravatar.com\/avatar\/b595c1c87bc9163bee8c169a924886a20ec93110555b11dd70523be37cec9612?s=96&d=mm&r=g","caption":"Margherita Puzzo"},"url":"https:\/\/www.guerini.it\/index.php\/author\/mpuzzo\/"}]}},"_links":{"self":[{"href":"https:\/\/www.guerini.it\/index.php\/wp-json\/wp\/v2\/posts\/22351","targetHints":{"allow":["GET"]}}],"collection":[{"href":"https:\/\/www.guerini.it\/index.php\/wp-json\/wp\/v2\/posts"}],"about":[{"href":"https:\/\/www.guerini.it\/index.php\/wp-json\/wp\/v2\/types\/post"}],"author":[{"embeddable":true,"href":"https:\/\/www.guerini.it\/index.php\/wp-json\/wp\/v2\/users\/13304"}],"replies":[{"embeddable":true,"href":"https:\/\/www.guerini.it\/index.php\/wp-json\/wp\/v2\/comments?post=22351"}],"version-history":[{"count":14,"href":"https:\/\/www.guerini.it\/index.php\/wp-json\/wp\/v2\/posts\/22351\/revisions"}],"predecessor-version":[{"id":22381,"href":"https:\/\/www.guerini.it\/index.php\/wp-json\/wp\/v2\/posts\/22351\/revisions\/22381"}],"wp:featuredmedia":[{"embeddable":true,"href":"https:\/\/www.guerini.it\/index.php\/wp-json\/wp\/v2\/media\/22356"}],"wp:attachment":[{"href":"https:\/\/www.guerini.it\/index.php\/wp-json\/wp\/v2\/media?parent=22351"}],"wp:term":[{"taxonomy":"category","embeddable":true,"href":"https:\/\/www.guerini.it\/index.php\/wp-json\/wp\/v2\/categories?post=22351"},{"taxonomy":"post_tag","embeddable":true,"href":"https:\/\/www.guerini.it\/index.php\/wp-json\/wp\/v2\/tags?post=22351"}],"curies":[{"name":"wp","href":"https:\/\/api.w.org\/{rel}","templated":true}]}}