{"id":22492,"date":"2022-02-23T13:54:45","date_gmt":"2022-02-23T12:54:45","guid":{"rendered":"https:\/\/www.guerini.it\/?p=22492"},"modified":"2022-02-23T13:56:29","modified_gmt":"2022-02-23T12:56:29","slug":"umane-troppo-umane-luniverso-hr-in-4-libri-e-un-racconto","status":"publish","type":"post","link":"https:\/\/www.guerini.it\/index.php\/umane-troppo-umane-luniverso-hr-in-4-libri-e-un-racconto\/","title":{"rendered":"Umane, troppo umane? L\u2019universo HR in 4 libri (e un racconto)"},"content":{"rendered":"\n<p>Tra le ultime pubblicazioni a marchio Guerini Next, vari sono i libri dedicati al modo in cui le trasformazioni della nostra societ\u00e0, pi\u00f9 recenti e \u201cdisruptive\u201d, hanno cambiato e stanno cambiando il mondo del lavoro, sia nella cosiddetta gestione delle risorse umane sia nella mutata percezione di ciascun individuo riguardo ai confini tra tempi e spazi della vita, lavorativa e non. Ecco una scelta dei saggi pi\u00f9 recenti che esplorano questi temi: <\/p>\n\n\n\n<ul class=\"is-style-checked wp-block-list\"><li><em><a href=\"https:\/\/www.guerini.it\/index.php\/prodotto\/conoscere-la-giusta-distanza\/\" class=\"ek-link\"><strong>Conoscere la giusta distanza. Sfide di management in un mondo complesso<\/strong><\/a><\/em><br>di Anja Puntari (224 pagine, 24,00 \u20ac)<\/li><li><em><a href=\"https:\/\/www.guerini.it\/index.php\/prodotto\/il-futuro-delle-risorse-umane\/\" class=\"ek-link\"><strong>Il futuro delle risorse umane. Come innovarne la gestione generando innovazione<\/strong><\/a><\/em><br>a cura di Paola Frison, Luigi Spadarotto (220 pagine, 24,00 \u20ac)<\/li><li><a href=\"https:\/\/www.guerini.it\/index.php\/prodotto\/nudge-solutions-program\/\" class=\"ek-link\"><em><strong>Nudge Solutions Program. Cambiamento gentile e strumenti per la leadership aperta<\/strong><\/em><\/a><br>di Paolo Bruttini, Massimo Lugli (pagine 208, 24,00 \u20ac)<\/li><li><em><a href=\"https:\/\/www.guerini.it\/index.php\/prodotto\/il-manuale-delle-risorse-umane\/\" class=\"ek-link\"><strong>Il manuale delle risorse umane. Scritto da manager per futuri manager<\/strong><\/a><\/em><br>a cura di Ernesto D&#8217;Amato (pagine 360, 28,00 \u20ac)<\/li><\/ul>\n\n\n\n<div style=\"height:31px\" aria-hidden=\"true\" class=\"wp-block-spacer\"><\/div>\n\n\n\n<figure class=\"wp-block-image size-large is-resized has-mobile-text-align-center\"><img loading=\"lazy\" decoding=\"async\" src=\"https:\/\/www.guerini.it\/wp-content\/uploads\/2022\/02\/IMG-20220217-WA0005-1024x768.jpg\" alt=\"\" class=\"wp-image-22493\" width=\"768\" height=\"576\" srcset=\"https:\/\/www.guerini.it\/wp-content\/uploads\/2022\/02\/IMG-20220217-WA0005-1024x768.jpg 1024w, https:\/\/www.guerini.it\/wp-content\/uploads\/2022\/02\/IMG-20220217-WA0005-300x225.jpg 300w, https:\/\/www.guerini.it\/wp-content\/uploads\/2022\/02\/IMG-20220217-WA0005-768x576.jpg 768w, https:\/\/www.guerini.it\/wp-content\/uploads\/2022\/02\/IMG-20220217-WA0005-1536x1152.jpg 1536w, https:\/\/www.guerini.it\/wp-content\/uploads\/2022\/02\/IMG-20220217-WA0005-600x450.jpg 600w, https:\/\/www.guerini.it\/wp-content\/uploads\/2022\/02\/IMG-20220217-WA0005-64x48.jpg 64w, https:\/\/www.guerini.it\/wp-content\/uploads\/2022\/02\/IMG-20220217-WA0005.jpg 2048w\" sizes=\"auto, (max-width: 768px) 100vw, 768px\" \/><\/figure>\n\n\n\n<div style=\"height:31px\" aria-hidden=\"true\" class=\"wp-block-spacer\"><\/div>\n\n\n\n<hr class=\"wp-block-separator\"\/>\n\n\n\n<p><strong>IL RUOLO DELL\u2019HR \u2013 un racconto di Gianluca Caffaratti (Presidente AIDP Liguria)<\/strong><\/p>\n\n\n\n<p>Era un venerd\u00ec, uno di quelli bui e freddi, che non sembrava voler anticipare per nessuna ragione la spensieratezza del weekend.<\/p>\n\n\n\n<p>Quel giorno, per Nicola, non era stato uno dei migliori al lavoro, e la consapevolezza della sera lo aveva portato a riflettere che sicuramente l\u2019indomani avrebbe comunque avuto la testa su un unico pensiero: l\u2019impossibilit\u00e0 di aver potuto dare a Ludovica un contratto part time.<\/p>\n\n\n\n<p>Nicola \u00e8 un HR di quarantacinque anni, amante della vita e del suo lavoro, uno di quelli che si lamenta poco e cerca sempre di dare il massimo che per\u00f2, come molti, aveva appena passato una giornata infernale che sembrava non voler terminare mai.<\/p>\n\n\n\n<p>Erano le 18.30 di una sera d\u2019inverno genovese, una di quelle dove ci si domanda come sia possibile che sia gi\u00e0 cos\u00ec buio, una di quelle in cui, per non farsi mancare nulla, aveva iniziato pure a piovere.<\/p>\n\n\n\n<p>L\u2019ombrello di Nicola era giustamente riposto sotto il sedile posteriore della macchina, mentre il suo proprietario era ancora in ufficio che passeggiava lungo il perimetro della stanza, con la speranza che la luna illuminasse almeno per un po&#8217; la soprelevata e che i suoi pensieri si mettessero un po&#8217; in ordine.<\/p>\n\n\n\n<p>Quella mezz\u2019ora era stata per Nicola una sorta di sessione psicologica con s\u00e9 stesso, in cui aveva cominciato ad analizzare punto per punto gli accadimenti della giornata, capendo cosa fosse successo, il perch\u00e9, ma soprattutto cosa avrebbe potuto fare per migliorare alcune dinamiche.<\/p>\n\n\n\n<p>Niente da fare: spesso e volentieri, da qualunque punto di vista uno la voglia analizzare, il lavoro dell\u2019HR pu\u00f2 trasformarsi visivamente in un vero e proprio quadro di freddo e di pioggia, incorniciato dal buio.<\/p>\n\n\n\n<p>La prima cattiva notizia della giornata era arrivata ancor prima di accendere il computer: Nicola non avrebbe potuto fare la formazione ai lavoratori durante l\u2019orario lavorativo. C\u2019erano troppi impegni, troppi lavori, troppo poco budget, troppe persone, troppo un po&#8217; di tutto; il che avrebbe consentito di svolgerla esclusivamente durante la pausa pranzo.<\/p>\n\n\n\n<p>E cos\u00ec, tra un\u2019insalata di riso ed un panino, Nicola aveva tenuto il suo corso di formazione tra le 13.00 e le 14.00.<\/p>\n\n\n\n<p>Gli era sempre piaciuto insegnare e pensava che il ruolo di docente, in qualche modo gli si addicesse, ma certo, in pausa pranzo era tutto diverso. Non soltanto avrebbe dovuto privare i lavoratori del proprio tempo libero, e non solo questi sarebbero stati di conseguenza meno attenti, ma anche lui aveva pensato che una pausa pranzo degna di essere chiamata tale, se la sarebbe meritata.<\/p>\n\n\n\n<p>\u201cNon c\u2019\u00e8 budget, fatela in pausa pranzo!\u201d, si era sentito rispondere dai piani alti.<\/p>\n\n\n\n<p>Non solo: questa formazione si era rivelata nientemeno che un breve intervallo tra due momenti altrettanto negativi.<\/p>\n\n\n\n<p>Il primo era avvenuto durante la mattinata. Nicola aveva fatto, o almeno tentato di fare, vari colloqui, ma si era trovato di fronte poche persone realmente motivate, pochi obiettivi, poca felicit\u00e0 negli occhi dei candidati. Si pu\u00f2 dire che, principalmente, si trattasse di una selezione volta a scartare il meno raccomandato piuttosto che a prendere il pi\u00f9 bravo.<\/p>\n\n\n\n<p>Decisamente un momento demotivante per un HR, il cui ruolo \u00e8 quello di cercare nuove risorse positive, determinate e pronte per lanciarsi verso un futuro talvolta incerto, ma certamente ricco di stimoli e traguardi da voler raggiungere.<\/p>\n\n\n\n<p>Il secondo, invece, era avvenuto durante il pomeriggio, e quella s\u00ec che era stata la ciliegina sulla torta: Nicola aveva dovuto dire un no secco a Ludovica, mamma eccezionale che aveva fatto una richiesta per un contratto part time, in quanto sua figlia Gioia avrebbe iniziato a breve le elementari.<\/p>\n\n\n\n<p>Nemmeno per Gioia, n\u00e9 tantomeno per Ludovica, l\u2019azienda avrebbe potuto fare un\u2019eccezione. I contratti part time non sarebbero stati presi in considerazione n\u00e9 in quel momento, n\u00e9 negli anni successivi.<\/p>\n\n\n\n<p>Proprio per questo Nicola, di fronte a quella richiesta, si era sentito disarmato: avrebbe voluto rispondere diversamente, ma non poteva fare nulla per cambiare la situazione. Si era sentito triste, impotente ed anche arrabbiato perch\u00e9, con quelle due lettere, aveva in qualche modo privato una donna della sua felicit\u00e0.<\/p>\n\n\n\n<p>E cos\u00ec, dalla finestra dell\u2019ufficio che si affacciava sul mare di Genova e sulle barche ormeggiate, Nicola pensava alla sua giornata al lavoro.<\/p>\n\n\n\n<p>Fin da quando era piccolo, si era innamorato della figura dell\u2019HR, principalmente perch\u00e9 questa metteva al centro le persone, le aiutava e le valorizzava. Cosa era successo, allora, quel giorno? Forse non era cos\u00ec?<\/p>\n\n\n\n<p>Purtroppo, nemmeno nel settore delle risorse umane, esistono solo belle giornate e cos\u00ec, prendendo consapevolezza di ci\u00f2 e sapendo che molto probabilmente questi pensieri lo avrebbero accompagnato anche il giorno successivo, Nicola aveva fatto una corsa sotto la pioggia per raggiungere finalmente l\u2019auto.<\/p>\n\n\n\n<p>Per tutto il viaggio verso casa, non aveva smesso un attimo di piovere ed il rumore dei tergicristalli sembrava piu forte del solito.<\/p>\n\n\n\n<p>La mattina successiva, il cielo aveva cambiato umore. Dalla finestra di camera sua, Nicola poteva vedere uno spicchio di mare su cui si stava iniziando a rispecchiare il sole. Faceva caldo.<\/p>\n\n\n\n<p>Alle 7.50 il cellulare aveva iniziato a squillare.<\/p>\n\n\n\n<p>Nicola aveva dovuto strizzare gli occhi per concentrarsi, perch\u00e9 certamente non era facile afferrare ogni parola che si nascondeva dietro l\u2019entusiasmo e la felicit\u00e0 di Andrea.<\/p>\n\n\n\n<p>\u201cGrazie Nicola, davvero! Non fosse stato per te, sicuramente questo passo sarebbe stato ancora molto lontano nella mia vita. Mi sposo! Non ci posso credere, mi sposo! Grazie di cuore, grazie davvero! L\u2019hai conosciuta, te lo ricordi? Quella mattina c\u2019era lei ad aspettarmi fuori. Sono cos\u00ec felice, grazie Nicola! Mi hai reso l\u2019uomo pi\u00f9 felice del mondo!\u201d<\/p>\n\n\n\n<p>Queste erano state le parole che avevano fatto centro nel cuore di Nicola, anche se in effetti non aveva mai pensato di dover essere ringraziato.<\/p>\n\n\n\n<p>Era successo due anni prima in un&#8217;altra azienda: Andrea aveva viaggiato di notte sul ponte di una nave, per presentarsi ad un colloquio dove Nicola sarebbe stato il responsabile di quella selezione.<\/p>\n\n\n\n<p>Arrivava dalla Sardegna ed aveva passato una nottata quasi insonne, con le luci accese ed il mare che non stava un attimo zitto. Era arrivato puntuale, con una camicia stirata all&#8217;inverosimile che molto probabilmente aveva indossato una volta raggiunta la stazione marittima.<\/p>\n\n\n\n<p>Ci era voluto pochissimo tempo affinch\u00e9 Nicola capisse di avere di fronte il candidato ideale e cos\u00ec, combattendo per giorni contro chi la pensava diversamente e lo riteneva \u201cnon abbastanza qualificato\u201d, era riuscito a far assumere Andrea a tempo indeterminato.<\/p>\n\n\n\n<p>La fame e la voglia di trovare un lavoro di Andrea erano state vincenti.<\/p>\n\n\n\n<p>Nonostante questo, Nicola non si sarebbe mai aspettato di ricevere un invito al suo matrimonio, ne avrebbe mai pensato di ricevere tutti questi ringraziamenti a distanza di anni.<\/p>\n\n\n\n<p>Terminata la telefonata si era lasciato andare sul divano, sorpreso di quanto fosse appena accaduto, e allo stesso tempo emozionato per aver contribuito anche se in piccola parte alla felicit\u00e0 di Andrea.<\/p>\n\n\n\n<p>Era incredulo. Come era possibile che un recruiter avesse reso possibile tutto questo? &nbsp;<\/p>\n\n\n\n<p>\u201cForse allora \u00e8 anche questo il ruolo dell\u2019HR, quello di combattere per gli altri, di andare contro ai pregiudizi, di guardare sempre oltre quando si incontrano nuove persone o situazioni\u201d, aveva pensato.<\/p>\n\n\n\n<p>Era stato in quel momento che ogni dubbio era scomparso dalla mente di Nicola e, come delle onde che si infrangono su uno scoglio in una giornata di mare calmo, all\u2019improvviso, con forza e prepotenza, erano arrivate tutte le risposte che stava aspettando.<\/p>\n\n\n\n<p>Una tra queste, forse la pi\u00f9 importante, era che non si sarebbe fermato di fronte ad un NO detto da chiss\u00e0 chi per la richiesta di un part-time, ma avrebbe lottato per Ludovica, Gioia e la loro felicit\u00e0.<\/p>\n\n\n\n<p>Perch\u00e9 la loro felicit\u00e0 corrisponde a quella di Nicola, ed \u00e8 proprio questo il vero ruolo dell\u2019HR.<\/p>\n","protected":false},"excerpt":{"rendered":"<p>Tra le ultime pubblicazioni a marchio Guerini Next, vari sono i libri dedicati al modo in cui le trasformazioni della nostra societ\u00e0, pi\u00f9 recenti e \u201cdisruptive\u201d, hanno cambiato e stanno [&hellip;]<\/p>\n","protected":false},"author":13304,"featured_media":22495,"comment_status":"open","ping_status":"open","sticky":false,"template":"","format":"standard","meta":{"_editorskit_title_hidden":false,"_editorskit_reading_time":5,"_editorskit_is_block_options_detached":false,"_editorskit_block_options_position":"{}","_monsterinsights_skip_tracking":false,"_monsterinsights_sitenote_active":false,"_monsterinsights_sitenote_note":"","_monsterinsights_sitenote_category":0,"footnotes":""},"categories":[7899],"tags":[],"class_list":["post-22492","post","type-post","status-publish","format-standard","has-post-thumbnail","hentry","category-risorse-umane"],"yoast_head":"<!-- This site is optimized with the Yoast SEO plugin v25.4 - https:\/\/yoast.com\/wordpress\/plugins\/seo\/ -->\n<title>Umane, troppo umane? L\u2019universo HR in 4 libri (e un racconto) - Guerini e Associati<\/title>\n<meta name=\"robots\" content=\"index, follow, max-snippet:-1, max-image-preview:large, max-video-preview:-1\" \/>\n<link rel=\"canonical\" href=\"https:\/\/www.guerini.it\/index.php\/umane-troppo-umane-luniverso-hr-in-4-libri-e-un-racconto\/\" \/>\n<meta property=\"og:locale\" content=\"it_IT\" \/>\n<meta property=\"og:type\" content=\"article\" \/>\n<meta property=\"og:title\" content=\"Umane, troppo umane? L\u2019universo HR in 4 libri (e un racconto) - Guerini e Associati\" \/>\n<meta property=\"og:description\" content=\"Tra le ultime pubblicazioni a marchio Guerini Next, vari sono i libri dedicati al modo in cui le trasformazioni della nostra societ\u00e0, pi\u00f9 recenti e \u201cdisruptive\u201d, hanno cambiato e stanno [&hellip;]\" \/>\n<meta property=\"og:url\" content=\"https:\/\/www.guerini.it\/index.php\/umane-troppo-umane-luniverso-hr-in-4-libri-e-un-racconto\/\" \/>\n<meta property=\"og:site_name\" content=\"Guerini e Associati\" \/>\n<meta property=\"article:published_time\" content=\"2022-02-23T12:54:45+00:00\" \/>\n<meta property=\"article:modified_time\" content=\"2022-02-23T12:56:29+00:00\" \/>\n<meta property=\"og:image\" content=\"https:\/\/www.guerini.it\/wp-content\/uploads\/2022\/02\/IMG-20220217-WA0005-1-e1645620708856.jpg\" \/>\n\t<meta property=\"og:image:width\" content=\"350\" \/>\n\t<meta property=\"og:image:height\" content=\"263\" \/>\n\t<meta property=\"og:image:type\" content=\"image\/jpeg\" \/>\n<meta name=\"author\" content=\"Margherita Puzzo\" \/>\n<meta name=\"twitter:card\" content=\"summary_large_image\" \/>\n<meta name=\"twitter:label1\" content=\"Scritto da\" \/>\n\t<meta name=\"twitter:data1\" content=\"Margherita Puzzo\" \/>\n\t<meta name=\"twitter:label2\" content=\"Tempo di lettura stimato\" \/>\n\t<meta name=\"twitter:data2\" content=\"8 minuti\" \/>\n<!-- \/ Yoast SEO plugin. -->","yoast_head_json":{"title":"Umane, troppo umane? L\u2019universo HR in 4 libri (e un racconto) - Guerini e Associati","robots":{"index":"index","follow":"follow","max-snippet":"max-snippet:-1","max-image-preview":"max-image-preview:large","max-video-preview":"max-video-preview:-1"},"canonical":"https:\/\/www.guerini.it\/index.php\/umane-troppo-umane-luniverso-hr-in-4-libri-e-un-racconto\/","og_locale":"it_IT","og_type":"article","og_title":"Umane, troppo umane? L\u2019universo HR in 4 libri (e un racconto) - Guerini e Associati","og_description":"Tra le ultime pubblicazioni a marchio Guerini Next, vari sono i libri dedicati al modo in cui le trasformazioni della nostra societ\u00e0, pi\u00f9 recenti e \u201cdisruptive\u201d, hanno cambiato e stanno [&hellip;]","og_url":"https:\/\/www.guerini.it\/index.php\/umane-troppo-umane-luniverso-hr-in-4-libri-e-un-racconto\/","og_site_name":"Guerini e Associati","article_published_time":"2022-02-23T12:54:45+00:00","article_modified_time":"2022-02-23T12:56:29+00:00","og_image":[{"width":350,"height":263,"url":"https:\/\/www.guerini.it\/wp-content\/uploads\/2022\/02\/IMG-20220217-WA0005-1-e1645620708856.jpg","type":"image\/jpeg"}],"author":"Margherita Puzzo","twitter_card":"summary_large_image","twitter_misc":{"Scritto da":"Margherita Puzzo","Tempo di lettura stimato":"8 minuti"},"schema":{"@context":"https:\/\/schema.org","@graph":[{"@type":"Article","@id":"https:\/\/www.guerini.it\/index.php\/umane-troppo-umane-luniverso-hr-in-4-libri-e-un-racconto\/#article","isPartOf":{"@id":"https:\/\/www.guerini.it\/index.php\/umane-troppo-umane-luniverso-hr-in-4-libri-e-un-racconto\/"},"author":{"name":"Margherita Puzzo","@id":"https:\/\/www.guerini.it\/#\/schema\/person\/967703dca40d9a5c3919949269184199"},"headline":"Umane, troppo umane? L\u2019universo HR in 4 libri (e un racconto)","datePublished":"2022-02-23T12:54:45+00:00","dateModified":"2022-02-23T12:56:29+00:00","mainEntityOfPage":{"@id":"https:\/\/www.guerini.it\/index.php\/umane-troppo-umane-luniverso-hr-in-4-libri-e-un-racconto\/"},"wordCount":1453,"commentCount":0,"publisher":{"@id":"https:\/\/www.guerini.it\/#organization"},"image":{"@id":"https:\/\/www.guerini.it\/index.php\/umane-troppo-umane-luniverso-hr-in-4-libri-e-un-racconto\/#primaryimage"},"thumbnailUrl":"https:\/\/www.guerini.it\/wp-content\/uploads\/2022\/02\/IMG-20220217-WA0005-1-e1645620708856.jpg","articleSection":["Risorse umane"],"inLanguage":"it-IT","potentialAction":[{"@type":"CommentAction","name":"Comment","target":["https:\/\/www.guerini.it\/index.php\/umane-troppo-umane-luniverso-hr-in-4-libri-e-un-racconto\/#respond"]}]},{"@type":"WebPage","@id":"https:\/\/www.guerini.it\/index.php\/umane-troppo-umane-luniverso-hr-in-4-libri-e-un-racconto\/","url":"https:\/\/www.guerini.it\/index.php\/umane-troppo-umane-luniverso-hr-in-4-libri-e-un-racconto\/","name":"Umane, troppo umane? L\u2019universo HR in 4 libri (e un racconto) - Guerini e Associati","isPartOf":{"@id":"https:\/\/www.guerini.it\/#website"},"primaryImageOfPage":{"@id":"https:\/\/www.guerini.it\/index.php\/umane-troppo-umane-luniverso-hr-in-4-libri-e-un-racconto\/#primaryimage"},"image":{"@id":"https:\/\/www.guerini.it\/index.php\/umane-troppo-umane-luniverso-hr-in-4-libri-e-un-racconto\/#primaryimage"},"thumbnailUrl":"https:\/\/www.guerini.it\/wp-content\/uploads\/2022\/02\/IMG-20220217-WA0005-1-e1645620708856.jpg","datePublished":"2022-02-23T12:54:45+00:00","dateModified":"2022-02-23T12:56:29+00:00","breadcrumb":{"@id":"https:\/\/www.guerini.it\/index.php\/umane-troppo-umane-luniverso-hr-in-4-libri-e-un-racconto\/#breadcrumb"},"inLanguage":"it-IT","potentialAction":[{"@type":"ReadAction","target":["https:\/\/www.guerini.it\/index.php\/umane-troppo-umane-luniverso-hr-in-4-libri-e-un-racconto\/"]}]},{"@type":"ImageObject","inLanguage":"it-IT","@id":"https:\/\/www.guerini.it\/index.php\/umane-troppo-umane-luniverso-hr-in-4-libri-e-un-racconto\/#primaryimage","url":"https:\/\/www.guerini.it\/wp-content\/uploads\/2022\/02\/IMG-20220217-WA0005-1-e1645620708856.jpg","contentUrl":"https:\/\/www.guerini.it\/wp-content\/uploads\/2022\/02\/IMG-20220217-WA0005-1-e1645620708856.jpg","width":350,"height":263},{"@type":"BreadcrumbList","@id":"https:\/\/www.guerini.it\/index.php\/umane-troppo-umane-luniverso-hr-in-4-libri-e-un-racconto\/#breadcrumb","itemListElement":[{"@type":"ListItem","position":1,"name":"Home","item":"https:\/\/www.guerini.it\/"},{"@type":"ListItem","position":2,"name":"Umane, troppo umane? L\u2019universo HR in 4 libri (e un racconto)"}]},{"@type":"WebSite","@id":"https:\/\/www.guerini.it\/#website","url":"https:\/\/www.guerini.it\/","name":"Guerini e Associati","description":"30 anni di libri, idee e libert\u00e0","publisher":{"@id":"https:\/\/www.guerini.it\/#organization"},"potentialAction":[{"@type":"SearchAction","target":{"@type":"EntryPoint","urlTemplate":"https:\/\/www.guerini.it\/?s={search_term_string}"},"query-input":{"@type":"PropertyValueSpecification","valueRequired":true,"valueName":"search_term_string"}}],"inLanguage":"it-IT"},{"@type":"Organization","@id":"https:\/\/www.guerini.it\/#organization","name":"Guerini e Associati","url":"https:\/\/www.guerini.it\/","logo":{"@type":"ImageObject","inLanguage":"it-IT","@id":"https:\/\/www.guerini.it\/#\/schema\/logo\/image\/","url":"https:\/\/www.guerini.it\/wp-content\/uploads\/2021\/03\/Logo-Guerini-OK_-e1615831292285.png","contentUrl":"https:\/\/www.guerini.it\/wp-content\/uploads\/2021\/03\/Logo-Guerini-OK_-e1615831292285.png","width":2805,"height":1870,"caption":"Guerini e Associati"},"image":{"@id":"https:\/\/www.guerini.it\/#\/schema\/logo\/image\/"}},{"@type":"Person","@id":"https:\/\/www.guerini.it\/#\/schema\/person\/967703dca40d9a5c3919949269184199","name":"Margherita Puzzo","image":{"@type":"ImageObject","inLanguage":"it-IT","@id":"https:\/\/www.guerini.it\/#\/schema\/person\/image\/","url":"https:\/\/secure.gravatar.com\/avatar\/b595c1c87bc9163bee8c169a924886a20ec93110555b11dd70523be37cec9612?s=96&d=mm&r=g","contentUrl":"https:\/\/secure.gravatar.com\/avatar\/b595c1c87bc9163bee8c169a924886a20ec93110555b11dd70523be37cec9612?s=96&d=mm&r=g","caption":"Margherita Puzzo"},"url":"https:\/\/www.guerini.it\/index.php\/author\/mpuzzo\/"}]}},"_links":{"self":[{"href":"https:\/\/www.guerini.it\/index.php\/wp-json\/wp\/v2\/posts\/22492","targetHints":{"allow":["GET"]}}],"collection":[{"href":"https:\/\/www.guerini.it\/index.php\/wp-json\/wp\/v2\/posts"}],"about":[{"href":"https:\/\/www.guerini.it\/index.php\/wp-json\/wp\/v2\/types\/post"}],"author":[{"embeddable":true,"href":"https:\/\/www.guerini.it\/index.php\/wp-json\/wp\/v2\/users\/13304"}],"replies":[{"embeddable":true,"href":"https:\/\/www.guerini.it\/index.php\/wp-json\/wp\/v2\/comments?post=22492"}],"version-history":[{"count":4,"href":"https:\/\/www.guerini.it\/index.php\/wp-json\/wp\/v2\/posts\/22492\/revisions"}],"predecessor-version":[{"id":22498,"href":"https:\/\/www.guerini.it\/index.php\/wp-json\/wp\/v2\/posts\/22492\/revisions\/22498"}],"wp:featuredmedia":[{"embeddable":true,"href":"https:\/\/www.guerini.it\/index.php\/wp-json\/wp\/v2\/media\/22495"}],"wp:attachment":[{"href":"https:\/\/www.guerini.it\/index.php\/wp-json\/wp\/v2\/media?parent=22492"}],"wp:term":[{"taxonomy":"category","embeddable":true,"href":"https:\/\/www.guerini.it\/index.php\/wp-json\/wp\/v2\/categories?post=22492"},{"taxonomy":"post_tag","embeddable":true,"href":"https:\/\/www.guerini.it\/index.php\/wp-json\/wp\/v2\/tags?post=22492"}],"curies":[{"name":"wp","href":"https:\/\/api.w.org\/{rel}","templated":true}]}}