{"id":22609,"date":"2022-04-24T08:56:21","date_gmt":"2022-04-24T06:56:21","guid":{"rendered":"https:\/\/www.guerini.it\/?p=22609"},"modified":"2022-04-24T08:56:24","modified_gmt":"2022-04-24T06:56:24","slug":"comunicato-stampa-24-aprile-2022","status":"publish","type":"post","link":"https:\/\/www.guerini.it\/index.php\/comunicato-stampa-24-aprile-2022\/","title":{"rendered":"Comunicato stampa 24 aprile 2022"},"content":{"rendered":"\n<p class=\"has-text-align-center\"><strong>24 APRILE 1915 &#8211; 24 APRILE 2022<\/strong><\/p>\n\n\n\n<p class=\"has-text-align-center\"><strong>107\u00b0ANNIVERSARIO DEL GENOCIDIO DEL POPOLO ARMENO<\/strong><\/p>\n\n\n\n<p>Anche quest\u2019anno, il 24 Aprile, noi, italiani di origine armena ed armeni in Italia, uniti in un\u2019unica voce con le organizzazioni che ci rappresentano,\u00a0facciamo memoria del Genocidio subito dagli armeni nel 1915 ad opera dell\u2019Impero ottomano. <\/p>\n\n\n\n<p>In un contesto internazionale quale quello attuale, cos\u00ec segnato da instabilit\u00e0 ed incertezza, ci rivolgiamo ai cittadini, ai media e alle Istituzioni sentendo il dovere di un impegno che si rinnova: non solo nel rievocare la tragedia che ha travolto il destino del popolo armeno 107 anni fa ma anche nel richiamare le urgenze e le sfide che quel ricordo, ancora da troppi ignorato, impone oggi sul presente.<\/p>\n\n\n\n<p>\u00c8 prima di tutto una sfida di conoscenza, per non fermarsi a un uso retorico della memoria. Occorre invece approfondire le complessit\u00e0 del passato per comprendere che l\u2019annientamento di un popolo e della sua identit\u00e0 \u00e8 un dramma che ci riguarda davvero tutti e, al contempo, ci porta a riscoprire la ricchezza che la cultura armena \u00e8 ancora in grado di offrire.<\/p>\n\n\n\n<p>\u00c8 una sfida di coraggio, per leggere le conflittualit\u00e0 del presente ed affrontarle senza timori, avendo ben in mente la drammatica lezione del passato, coscienti che la posta in gioco \u00e8 il nostro futuro, con i suoi valori di integrazione e difesa della propria identit\u00e0. Per noi, che siamo orgogliosamente anche cittadini italiani, essi sono la vera eredit\u00e0 che proviene da chi ci ha preceduto e possono diventare un patrimonio da condividere con la nazione in cui abbiamo scelto di vivere.<\/p>\n\n\n\n<p>\u00c8 un impegno contro le spinte alla sopraffazione e alla rimozione della memoria dei fatti, che ancora oggi affiorano e minacciano l\u2019esistenza stessa della nazione armena, soprattutto dopo l\u2019aggressione militare dell\u2019Azerbaigian contro la Repubblica di Artsakh (Nagorno Karabakh) di un anno e mezzo fa,\u00a0l\u2019assordante silenzio della comunit\u00e0 internazionale che ne \u00e8 seguito,\u00a0i criminali tentativi di cancellare ogni traccia di cultura armena nelle zone occupate, e le recenti,\u00a0gravi violazioni del cessate il fuoco ai danni degli armeni, approfittando del drammatico conflitto in corso in Ucraina.<\/p>\n\n\n\n<p>\u00c8 la vera lezione della Memoria, quella che dal passato ci apre gli occhi sul presente, ci aiuta ad essere responsabili del nostro futuro, e, soprattutto,\u00a0vigili sui pericoli cui i singoli e le comunit\u00e0 sono esposti quando non sono riconosciuti i loro diritti fondamentali.<\/p>\n\n\n\n<p>Ecco, allora, il nostro compito di cittadini europei: non restare schiacciati sotto il peso delle nostre paure, indifferenze, apatie e disillusioni ma diventare riferimenti credibili e concreti per prevenire nuovi odi e combattere con le armi della conoscenza e della verit\u00e0 i persistenti tentativi di rimozione e di manipolazione della Storia.<\/p>\n\n\n\n<p class=\"has-text-align-center has-vivid-red-color has-text-color\"><strong>24 Aprile<\/strong> | <strong>Per non dimenticare<\/strong><\/p>\n\n\n\n<p class=\"has-text-align-center\"><strong>Unione Armeni d\u2019Italia<\/strong><\/p>\n\n\n\n<p class=\"has-text-align-center\"><strong>Associazione Assoarmeni (Roma)<\/strong><\/p>\n\n\n\n<p class=\"has-text-align-center\"><strong>Associazione Casa di Cristallo (Padova)<\/strong><\/p>\n\n\n\n<p class=\"has-text-align-center\"><strong>Associazione Italiarmenia (Padova)<\/strong><\/p>\n\n\n\n<p class=\"has-text-align-center\"><strong>AGBU Milan<\/strong><\/p>\n\n\n\n<p class=\"has-text-align-center\"><strong>Casa Armena \u2013 Hay Dun &nbsp;(Milano)<\/strong><\/p>\n\n\n\n<p class=\"has-text-align-center\"><strong>Comunit\u00e0 Armena \u2013 Calabria<\/strong><\/p>\n\n\n\n<p class=\"has-text-align-center\"><strong>Comunit\u00e0 Armena &#8211; Napoli<\/strong><\/p>\n\n\n\n<p class=\"has-text-align-center\"><strong>Consiglio per la comunit\u00e0 armena di Roma<\/strong><\/p>\n\n\n\n<p class=\"has-text-align-center\"><strong>Unione Talenti Armeni d\u2019Italia<\/strong><\/p>\n","protected":false},"excerpt":{"rendered":"<p>24 APRILE 1915 &#8211; 24 APRILE 2022 107\u00b0ANNIVERSARIO DEL GENOCIDIO DEL POPOLO ARMENO Anche quest\u2019anno, il 24 Aprile, noi, italiani di origine armena ed armeni in Italia, uniti in un\u2019unica [&hellip;]<\/p>\n","protected":false},"author":13304,"featured_media":0,"comment_status":"open","ping_status":"open","sticky":false,"template":"","format":"standard","meta":{"_editorskit_title_hidden":false,"_editorskit_reading_time":0,"_editorskit_is_block_options_detached":false,"_editorskit_block_options_position":"{}","_monsterinsights_skip_tracking":false,"_monsterinsights_sitenote_active":false,"_monsterinsights_sitenote_note":"","_monsterinsights_sitenote_category":0,"footnotes":""},"categories":[1],"tags":[],"class_list":["post-22609","post","type-post","status-publish","format-standard","hentry","category-senza-categoria"],"yoast_head":"<!-- This site is optimized with the Yoast SEO plugin v25.4 - https:\/\/yoast.com\/wordpress\/plugins\/seo\/ -->\n<title>Comunicato stampa 24 aprile 2022 - Guerini e Associati<\/title>\n<meta name=\"robots\" content=\"index, follow, max-snippet:-1, max-image-preview:large, max-video-preview:-1\" \/>\n<link rel=\"canonical\" href=\"https:\/\/www.guerini.it\/index.php\/comunicato-stampa-24-aprile-2022\/\" \/>\n<meta property=\"og:locale\" content=\"it_IT\" \/>\n<meta property=\"og:type\" content=\"article\" \/>\n<meta property=\"og:title\" content=\"Comunicato stampa 24 aprile 2022 - Guerini e Associati\" \/>\n<meta property=\"og:description\" content=\"24 APRILE 1915 &#8211; 24 APRILE 2022 107\u00b0ANNIVERSARIO DEL GENOCIDIO DEL POPOLO ARMENO Anche quest\u2019anno, il 24 Aprile, noi, italiani di origine armena ed armeni in Italia, uniti in un\u2019unica [&hellip;]\" \/>\n<meta property=\"og:url\" content=\"https:\/\/www.guerini.it\/index.php\/comunicato-stampa-24-aprile-2022\/\" \/>\n<meta property=\"og:site_name\" content=\"Guerini e Associati\" \/>\n<meta property=\"article:published_time\" content=\"2022-04-24T06:56:21+00:00\" \/>\n<meta property=\"article:modified_time\" content=\"2022-04-24T06:56:24+00:00\" \/>\n<meta name=\"author\" content=\"Margherita Puzzo\" \/>\n<meta name=\"twitter:card\" content=\"summary_large_image\" \/>\n<meta name=\"twitter:label1\" content=\"Scritto da\" \/>\n\t<meta name=\"twitter:data1\" content=\"Margherita Puzzo\" \/>\n\t<meta name=\"twitter:label2\" content=\"Tempo di lettura stimato\" \/>\n\t<meta name=\"twitter:data2\" content=\"3 minuti\" \/>\n<!-- \/ Yoast SEO plugin. -->","yoast_head_json":{"title":"Comunicato stampa 24 aprile 2022 - Guerini e Associati","robots":{"index":"index","follow":"follow","max-snippet":"max-snippet:-1","max-image-preview":"max-image-preview:large","max-video-preview":"max-video-preview:-1"},"canonical":"https:\/\/www.guerini.it\/index.php\/comunicato-stampa-24-aprile-2022\/","og_locale":"it_IT","og_type":"article","og_title":"Comunicato stampa 24 aprile 2022 - Guerini e Associati","og_description":"24 APRILE 1915 &#8211; 24 APRILE 2022 107\u00b0ANNIVERSARIO DEL GENOCIDIO DEL POPOLO ARMENO Anche quest\u2019anno, il 24 Aprile, noi, italiani di origine armena ed armeni in Italia, uniti in un\u2019unica [&hellip;]","og_url":"https:\/\/www.guerini.it\/index.php\/comunicato-stampa-24-aprile-2022\/","og_site_name":"Guerini e Associati","article_published_time":"2022-04-24T06:56:21+00:00","article_modified_time":"2022-04-24T06:56:24+00:00","author":"Margherita Puzzo","twitter_card":"summary_large_image","twitter_misc":{"Scritto da":"Margherita Puzzo","Tempo di lettura stimato":"3 minuti"},"schema":{"@context":"https:\/\/schema.org","@graph":[{"@type":"Article","@id":"https:\/\/www.guerini.it\/index.php\/comunicato-stampa-24-aprile-2022\/#article","isPartOf":{"@id":"https:\/\/www.guerini.it\/index.php\/comunicato-stampa-24-aprile-2022\/"},"author":{"name":"Margherita Puzzo","@id":"https:\/\/www.guerini.it\/#\/schema\/person\/967703dca40d9a5c3919949269184199"},"headline":"Comunicato stampa 24 aprile 2022","datePublished":"2022-04-24T06:56:21+00:00","dateModified":"2022-04-24T06:56:24+00:00","mainEntityOfPage":{"@id":"https:\/\/www.guerini.it\/index.php\/comunicato-stampa-24-aprile-2022\/"},"wordCount":486,"commentCount":0,"publisher":{"@id":"https:\/\/www.guerini.it\/#organization"},"inLanguage":"it-IT","potentialAction":[{"@type":"CommentAction","name":"Comment","target":["https:\/\/www.guerini.it\/index.php\/comunicato-stampa-24-aprile-2022\/#respond"]}]},{"@type":"WebPage","@id":"https:\/\/www.guerini.it\/index.php\/comunicato-stampa-24-aprile-2022\/","url":"https:\/\/www.guerini.it\/index.php\/comunicato-stampa-24-aprile-2022\/","name":"Comunicato stampa 24 aprile 2022 - Guerini e Associati","isPartOf":{"@id":"https:\/\/www.guerini.it\/#website"},"datePublished":"2022-04-24T06:56:21+00:00","dateModified":"2022-04-24T06:56:24+00:00","breadcrumb":{"@id":"https:\/\/www.guerini.it\/index.php\/comunicato-stampa-24-aprile-2022\/#breadcrumb"},"inLanguage":"it-IT","potentialAction":[{"@type":"ReadAction","target":["https:\/\/www.guerini.it\/index.php\/comunicato-stampa-24-aprile-2022\/"]}]},{"@type":"BreadcrumbList","@id":"https:\/\/www.guerini.it\/index.php\/comunicato-stampa-24-aprile-2022\/#breadcrumb","itemListElement":[{"@type":"ListItem","position":1,"name":"Home","item":"https:\/\/www.guerini.it\/"},{"@type":"ListItem","position":2,"name":"Comunicato stampa 24 aprile 2022"}]},{"@type":"WebSite","@id":"https:\/\/www.guerini.it\/#website","url":"https:\/\/www.guerini.it\/","name":"Guerini e Associati","description":"30 anni di libri, idee e libert\u00e0","publisher":{"@id":"https:\/\/www.guerini.it\/#organization"},"potentialAction":[{"@type":"SearchAction","target":{"@type":"EntryPoint","urlTemplate":"https:\/\/www.guerini.it\/?s={search_term_string}"},"query-input":{"@type":"PropertyValueSpecification","valueRequired":true,"valueName":"search_term_string"}}],"inLanguage":"it-IT"},{"@type":"Organization","@id":"https:\/\/www.guerini.it\/#organization","name":"Guerini e Associati","url":"https:\/\/www.guerini.it\/","logo":{"@type":"ImageObject","inLanguage":"it-IT","@id":"https:\/\/www.guerini.it\/#\/schema\/logo\/image\/","url":"https:\/\/www.guerini.it\/wp-content\/uploads\/2021\/03\/Logo-Guerini-OK_-e1615831292285.png","contentUrl":"https:\/\/www.guerini.it\/wp-content\/uploads\/2021\/03\/Logo-Guerini-OK_-e1615831292285.png","width":2805,"height":1870,"caption":"Guerini e Associati"},"image":{"@id":"https:\/\/www.guerini.it\/#\/schema\/logo\/image\/"}},{"@type":"Person","@id":"https:\/\/www.guerini.it\/#\/schema\/person\/967703dca40d9a5c3919949269184199","name":"Margherita Puzzo","image":{"@type":"ImageObject","inLanguage":"it-IT","@id":"https:\/\/www.guerini.it\/#\/schema\/person\/image\/","url":"https:\/\/secure.gravatar.com\/avatar\/b595c1c87bc9163bee8c169a924886a20ec93110555b11dd70523be37cec9612?s=96&d=mm&r=g","contentUrl":"https:\/\/secure.gravatar.com\/avatar\/b595c1c87bc9163bee8c169a924886a20ec93110555b11dd70523be37cec9612?s=96&d=mm&r=g","caption":"Margherita Puzzo"},"url":"https:\/\/www.guerini.it\/index.php\/author\/mpuzzo\/"}]}},"_links":{"self":[{"href":"https:\/\/www.guerini.it\/index.php\/wp-json\/wp\/v2\/posts\/22609","targetHints":{"allow":["GET"]}}],"collection":[{"href":"https:\/\/www.guerini.it\/index.php\/wp-json\/wp\/v2\/posts"}],"about":[{"href":"https:\/\/www.guerini.it\/index.php\/wp-json\/wp\/v2\/types\/post"}],"author":[{"embeddable":true,"href":"https:\/\/www.guerini.it\/index.php\/wp-json\/wp\/v2\/users\/13304"}],"replies":[{"embeddable":true,"href":"https:\/\/www.guerini.it\/index.php\/wp-json\/wp\/v2\/comments?post=22609"}],"version-history":[{"count":2,"href":"https:\/\/www.guerini.it\/index.php\/wp-json\/wp\/v2\/posts\/22609\/revisions"}],"predecessor-version":[{"id":22611,"href":"https:\/\/www.guerini.it\/index.php\/wp-json\/wp\/v2\/posts\/22609\/revisions\/22611"}],"wp:attachment":[{"href":"https:\/\/www.guerini.it\/index.php\/wp-json\/wp\/v2\/media?parent=22609"}],"wp:term":[{"taxonomy":"category","embeddable":true,"href":"https:\/\/www.guerini.it\/index.php\/wp-json\/wp\/v2\/categories?post=22609"},{"taxonomy":"post_tag","embeddable":true,"href":"https:\/\/www.guerini.it\/index.php\/wp-json\/wp\/v2\/tags?post=22609"}],"curies":[{"name":"wp","href":"https:\/\/api.w.org\/{rel}","templated":true}]}}