{"id":22887,"date":"2022-08-17T14:44:00","date_gmt":"2022-08-17T12:44:00","guid":{"rendered":"https:\/\/www.guerini.it\/?p=22887"},"modified":"2022-09-06T15:50:16","modified_gmt":"2022-09-06T13:50:16","slug":"addio-ad-antonio-pilati-la-mente-delle-telecomunicazioni-dallo-spirito-sempre-giovane","status":"publish","type":"post","link":"https:\/\/www.guerini.it\/index.php\/addio-ad-antonio-pilati-la-mente-delle-telecomunicazioni-dallo-spirito-sempre-giovane\/","title":{"rendered":"ADDIO AD ANTONIO PILATI, la mente delle telecomunicazioni dallo spirito sempre giovane"},"content":{"rendered":"\n<figure class=\"wp-block-image size-large\"><a href=\"https:\/\/www.startmag.it\/mondo\/addio-ad-antonio-pilati-poliedrico-intellettuale-liberale\/\" class=\"broken_link\"><img loading=\"lazy\" decoding=\"async\" width=\"1024\" height=\"256\" src=\"https:\/\/www.guerini.it\/wp-content\/uploads\/2022\/08\/Copia-di-Blu-e-Giallo-Moderno-Artistico-Feste-e-Celebrazioni-Cartellonistica-Banner-1024x256.png\" alt=\"\" class=\"wp-image-22863\" srcset=\"https:\/\/www.guerini.it\/wp-content\/uploads\/2022\/08\/Copia-di-Blu-e-Giallo-Moderno-Artistico-Feste-e-Celebrazioni-Cartellonistica-Banner-1024x256.png 1024w, https:\/\/www.guerini.it\/wp-content\/uploads\/2022\/08\/Copia-di-Blu-e-Giallo-Moderno-Artistico-Feste-e-Celebrazioni-Cartellonistica-Banner-300x75.png 300w, https:\/\/www.guerini.it\/wp-content\/uploads\/2022\/08\/Copia-di-Blu-e-Giallo-Moderno-Artistico-Feste-e-Celebrazioni-Cartellonistica-Banner-768x192.png 768w, https:\/\/www.guerini.it\/wp-content\/uploads\/2022\/08\/Copia-di-Blu-e-Giallo-Moderno-Artistico-Feste-e-Celebrazioni-Cartellonistica-Banner-1536x384.png 1536w, https:\/\/www.guerini.it\/wp-content\/uploads\/2022\/08\/Copia-di-Blu-e-Giallo-Moderno-Artistico-Feste-e-Celebrazioni-Cartellonistica-Banner-2048x512.png 2048w, https:\/\/www.guerini.it\/wp-content\/uploads\/2022\/08\/Copia-di-Blu-e-Giallo-Moderno-Artistico-Feste-e-Celebrazioni-Cartellonistica-Banner-600x150.png 600w, https:\/\/www.guerini.it\/wp-content\/uploads\/2022\/08\/Copia-di-Blu-e-Giallo-Moderno-Artistico-Feste-e-Celebrazioni-Cartellonistica-Banner-64x16.png 64w\" sizes=\"auto, (max-width: 1024px) 100vw, 1024px\" \/><\/a><\/figure>\n\n\n\n<p>Ci lascia a settantacinque anni Antonio Pilati, filosofo, esperto di telecomunicazioni, commissario AGCOM, componente AGCM e brillante saggista.<br>Nato a Milano nel 1947, si laurea in filosofia nel 1970 all\u2019Universit\u00e0 Statale di Milano e con la sua attivit\u00e0 contribuisce da subito al dibattito intellettuale di quegli anni turbolenti. La sua lunga carriera nella comunicazione inizia come analista di mercati in Fininvest, negli anni Ottanta. Da l\u00ec molte saranno le conquiste lavorative, tutte esercitate con grandissima seriet\u00e0 e professionalit\u00e0 e senza mai perdere il gusto per lo scambio e la riflessione.<br>Non si occup\u00f2 mai direttamente di politica, ma con il suo sguardo lungo e le sue intuizioni perspicaci ha sempre supportato consigli e decisioni all\u2019insegna della modernit\u00e0.<br>Autore di alto profilo, con Edizioni Guerini ha pubblicato <em><a href=\"https:\/\/www.guerini.it\/index.php\/prodotto\/rivoluzione-digitale-e-disordine-politico\/\" class=\"ek-link\">Rivoluzione digitale e disordine politico<\/a><\/em>, 2016, e <em><a href=\"https:\/\/www.guerini.it\/index.php\/prodotto\/la-catastrofe-delle-elite\/\" class=\"ek-link\">La catastrofe delle \u00e9lite. Potere digitale e crisi della politica in occidente<\/a><\/em>, 2019.<\/p>\n\n\n\n<p><\/p>\n\n\n\n<div class=\"wp-block-columns is-layout-flex wp-container-core-columns-is-layout-28f84493 wp-block-columns-is-layout-flex\">\n<div class=\"wp-block-column is-layout-flow wp-block-column-is-layout-flow\">\n<figure class=\"wp-block-image size-large\"><a href=\"https:\/\/www.guerini.it\/index.php\/prodotto\/rivoluzione-digitale-e-disordine-politico\/\"><img loading=\"lazy\" decoding=\"async\" width=\"629\" height=\"1024\" src=\"https:\/\/www.guerini.it\/wp-content\/uploads\/2022\/09\/Cop.-Rivoluzione-Pilati-1-629x1024.jpg\" alt=\"\" class=\"wp-image-22891\" srcset=\"https:\/\/www.guerini.it\/wp-content\/uploads\/2022\/09\/Cop.-Rivoluzione-Pilati-1-629x1024.jpg 629w, https:\/\/www.guerini.it\/wp-content\/uploads\/2022\/09\/Cop.-Rivoluzione-Pilati-1-184x300.jpg 184w, https:\/\/www.guerini.it\/wp-content\/uploads\/2022\/09\/Cop.-Rivoluzione-Pilati-1-768x1250.jpg 768w, https:\/\/www.guerini.it\/wp-content\/uploads\/2022\/09\/Cop.-Rivoluzione-Pilati-1-944x1536.jpg 944w, https:\/\/www.guerini.it\/wp-content\/uploads\/2022\/09\/Cop.-Rivoluzione-Pilati-1-1258x2048.jpg 1258w, https:\/\/www.guerini.it\/wp-content\/uploads\/2022\/09\/Cop.-Rivoluzione-Pilati-1-300x488.jpg 300w, https:\/\/www.guerini.it\/wp-content\/uploads\/2022\/09\/Cop.-Rivoluzione-Pilati-1-600x977.jpg 600w, https:\/\/www.guerini.it\/wp-content\/uploads\/2022\/09\/Cop.-Rivoluzione-Pilati-1-64x104.jpg 64w, https:\/\/www.guerini.it\/wp-content\/uploads\/2022\/09\/Cop.-Rivoluzione-Pilati-1.jpg 1419w\" sizes=\"auto, (max-width: 629px) 100vw, 629px\" \/><\/a><\/figure>\n<\/div>\n\n\n\n<div class=\"wp-block-column is-layout-flow wp-block-column-is-layout-flow\">\n<figure class=\"wp-block-image size-large\"><a href=\"https:\/\/www.guerini.it\/index.php\/prodotto\/la-catastrofe-delle-elite\/\"><img loading=\"lazy\" decoding=\"async\" width=\"683\" height=\"1024\" src=\"https:\/\/www.guerini.it\/wp-content\/uploads\/2022\/09\/Front-Cover-LA-CATASTROFE-DELLE-ELITE-683x1024.jpg\" alt=\"\" class=\"wp-image-22892\" srcset=\"https:\/\/www.guerini.it\/wp-content\/uploads\/2022\/09\/Front-Cover-LA-CATASTROFE-DELLE-ELITE-683x1024.jpg 683w, https:\/\/www.guerini.it\/wp-content\/uploads\/2022\/09\/Front-Cover-LA-CATASTROFE-DELLE-ELITE-200x300.jpg 200w, https:\/\/www.guerini.it\/wp-content\/uploads\/2022\/09\/Front-Cover-LA-CATASTROFE-DELLE-ELITE-768x1152.jpg 768w, https:\/\/www.guerini.it\/wp-content\/uploads\/2022\/09\/Front-Cover-LA-CATASTROFE-DELLE-ELITE-1024x1536.jpg 1024w, https:\/\/www.guerini.it\/wp-content\/uploads\/2022\/09\/Front-Cover-LA-CATASTROFE-DELLE-ELITE-1365x2048.jpg 1365w, https:\/\/www.guerini.it\/wp-content\/uploads\/2022\/09\/Front-Cover-LA-CATASTROFE-DELLE-ELITE-300x450.jpg 300w, https:\/\/www.guerini.it\/wp-content\/uploads\/2022\/09\/Front-Cover-LA-CATASTROFE-DELLE-ELITE-600x900.jpg 600w, https:\/\/www.guerini.it\/wp-content\/uploads\/2022\/09\/Front-Cover-LA-CATASTROFE-DELLE-ELITE-64x96.jpg 64w, https:\/\/www.guerini.it\/wp-content\/uploads\/2022\/09\/Front-Cover-LA-CATASTROFE-DELLE-ELITE.jpg 1654w\" sizes=\"auto, (max-width: 683px) 100vw, 683px\" \/><\/a><\/figure>\n<\/div>\n<\/div>\n","protected":false},"excerpt":{"rendered":"<p>Ci lascia a settantacinque anni Antonio Pilati, filosofo, esperto di telecomunicazioni, commissario AGCOM, componente AGCM e brillante saggista.Nato a Milano nel 1947, si laurea in filosofia nel 1970 all\u2019Universit\u00e0 Statale [&hellip;]<\/p>\n","protected":false},"author":13304,"featured_media":22895,"comment_status":"open","ping_status":"open","sticky":false,"template":"","format":"standard","meta":{"_editorskit_title_hidden":false,"_editorskit_reading_time":1,"_editorskit_is_block_options_detached":false,"_editorskit_block_options_position":"{}","_monsterinsights_skip_tracking":false,"_monsterinsights_sitenote_active":false,"_monsterinsights_sitenote_note":"","_monsterinsights_sitenote_category":0,"footnotes":""},"categories":[68],"tags":[],"class_list":["post-22887","post","type-post","status-publish","format-standard","has-post-thumbnail","hentry","category-guerini-news"],"yoast_head":"<!-- This site is optimized with the Yoast SEO plugin v25.4 - https:\/\/yoast.com\/wordpress\/plugins\/seo\/ -->\n<title>ADDIO AD ANTONIO PILATI, la mente delle telecomunicazioni dallo spirito sempre giovane - Guerini e Associati<\/title>\n<meta name=\"robots\" content=\"index, follow, max-snippet:-1, max-image-preview:large, max-video-preview:-1\" \/>\n<link rel=\"canonical\" href=\"https:\/\/www.guerini.it\/index.php\/addio-ad-antonio-pilati-la-mente-delle-telecomunicazioni-dallo-spirito-sempre-giovane\/\" \/>\n<meta property=\"og:locale\" content=\"it_IT\" \/>\n<meta property=\"og:type\" content=\"article\" \/>\n<meta property=\"og:title\" content=\"ADDIO AD ANTONIO PILATI, la mente delle telecomunicazioni dallo spirito sempre giovane - Guerini e Associati\" \/>\n<meta property=\"og:description\" content=\"Ci lascia a settantacinque anni Antonio Pilati, filosofo, esperto di telecomunicazioni, commissario AGCOM, componente AGCM e brillante saggista.Nato a Milano nel 1947, si laurea in filosofia nel 1970 all\u2019Universit\u00e0 Statale [&hellip;]\" \/>\n<meta property=\"og:url\" content=\"https:\/\/www.guerini.it\/index.php\/addio-ad-antonio-pilati-la-mente-delle-telecomunicazioni-dallo-spirito-sempre-giovane\/\" \/>\n<meta property=\"og:site_name\" content=\"Guerini e Associati\" \/>\n<meta property=\"article:published_time\" content=\"2022-08-17T12:44:00+00:00\" \/>\n<meta property=\"article:modified_time\" content=\"2022-09-06T13:50:16+00:00\" \/>\n<meta property=\"og:image\" content=\"https:\/\/www.guerini.it\/wp-content\/uploads\/2022\/08\/Progetto-senza-titolo-81.png\" \/>\n\t<meta property=\"og:image:width\" content=\"720\" \/>\n\t<meta property=\"og:image:height\" content=\"360\" \/>\n\t<meta property=\"og:image:type\" content=\"image\/png\" \/>\n<meta name=\"author\" content=\"Margherita Puzzo\" \/>\n<meta name=\"twitter:card\" content=\"summary_large_image\" \/>\n<meta name=\"twitter:label1\" content=\"Scritto da\" \/>\n\t<meta name=\"twitter:data1\" content=\"Margherita Puzzo\" \/>\n\t<meta name=\"twitter:label2\" content=\"Tempo di lettura stimato\" \/>\n\t<meta name=\"twitter:data2\" content=\"2 minuti\" \/>\n<!-- \/ Yoast SEO plugin. -->","yoast_head_json":{"title":"ADDIO AD ANTONIO PILATI, la mente delle telecomunicazioni dallo spirito sempre giovane - Guerini e Associati","robots":{"index":"index","follow":"follow","max-snippet":"max-snippet:-1","max-image-preview":"max-image-preview:large","max-video-preview":"max-video-preview:-1"},"canonical":"https:\/\/www.guerini.it\/index.php\/addio-ad-antonio-pilati-la-mente-delle-telecomunicazioni-dallo-spirito-sempre-giovane\/","og_locale":"it_IT","og_type":"article","og_title":"ADDIO AD ANTONIO PILATI, la mente delle telecomunicazioni dallo spirito sempre giovane - Guerini e Associati","og_description":"Ci lascia a settantacinque anni Antonio Pilati, filosofo, esperto di telecomunicazioni, commissario AGCOM, componente AGCM e brillante saggista.Nato a Milano nel 1947, si laurea in filosofia nel 1970 all\u2019Universit\u00e0 Statale [&hellip;]","og_url":"https:\/\/www.guerini.it\/index.php\/addio-ad-antonio-pilati-la-mente-delle-telecomunicazioni-dallo-spirito-sempre-giovane\/","og_site_name":"Guerini e Associati","article_published_time":"2022-08-17T12:44:00+00:00","article_modified_time":"2022-09-06T13:50:16+00:00","og_image":[{"width":720,"height":360,"url":"https:\/\/www.guerini.it\/wp-content\/uploads\/2022\/08\/Progetto-senza-titolo-81.png","type":"image\/png"}],"author":"Margherita Puzzo","twitter_card":"summary_large_image","twitter_misc":{"Scritto da":"Margherita Puzzo","Tempo di lettura stimato":"2 minuti"},"schema":{"@context":"https:\/\/schema.org","@graph":[{"@type":"Article","@id":"https:\/\/www.guerini.it\/index.php\/addio-ad-antonio-pilati-la-mente-delle-telecomunicazioni-dallo-spirito-sempre-giovane\/#article","isPartOf":{"@id":"https:\/\/www.guerini.it\/index.php\/addio-ad-antonio-pilati-la-mente-delle-telecomunicazioni-dallo-spirito-sempre-giovane\/"},"author":{"name":"Margherita Puzzo","@id":"https:\/\/www.guerini.it\/#\/schema\/person\/967703dca40d9a5c3919949269184199"},"headline":"ADDIO AD ANTONIO PILATI, la mente delle telecomunicazioni dallo spirito sempre giovane","datePublished":"2022-08-17T12:44:00+00:00","dateModified":"2022-09-06T13:50:16+00:00","mainEntityOfPage":{"@id":"https:\/\/www.guerini.it\/index.php\/addio-ad-antonio-pilati-la-mente-delle-telecomunicazioni-dallo-spirito-sempre-giovane\/"},"wordCount":156,"commentCount":0,"publisher":{"@id":"https:\/\/www.guerini.it\/#organization"},"image":{"@id":"https:\/\/www.guerini.it\/index.php\/addio-ad-antonio-pilati-la-mente-delle-telecomunicazioni-dallo-spirito-sempre-giovane\/#primaryimage"},"thumbnailUrl":"https:\/\/www.guerini.it\/wp-content\/uploads\/2022\/08\/Progetto-senza-titolo-81.png","articleSection":["Guerini news"],"inLanguage":"it-IT","potentialAction":[{"@type":"CommentAction","name":"Comment","target":["https:\/\/www.guerini.it\/index.php\/addio-ad-antonio-pilati-la-mente-delle-telecomunicazioni-dallo-spirito-sempre-giovane\/#respond"]}]},{"@type":"WebPage","@id":"https:\/\/www.guerini.it\/index.php\/addio-ad-antonio-pilati-la-mente-delle-telecomunicazioni-dallo-spirito-sempre-giovane\/","url":"https:\/\/www.guerini.it\/index.php\/addio-ad-antonio-pilati-la-mente-delle-telecomunicazioni-dallo-spirito-sempre-giovane\/","name":"ADDIO AD ANTONIO PILATI, la mente delle telecomunicazioni dallo spirito sempre giovane - Guerini e Associati","isPartOf":{"@id":"https:\/\/www.guerini.it\/#website"},"primaryImageOfPage":{"@id":"https:\/\/www.guerini.it\/index.php\/addio-ad-antonio-pilati-la-mente-delle-telecomunicazioni-dallo-spirito-sempre-giovane\/#primaryimage"},"image":{"@id":"https:\/\/www.guerini.it\/index.php\/addio-ad-antonio-pilati-la-mente-delle-telecomunicazioni-dallo-spirito-sempre-giovane\/#primaryimage"},"thumbnailUrl":"https:\/\/www.guerini.it\/wp-content\/uploads\/2022\/08\/Progetto-senza-titolo-81.png","datePublished":"2022-08-17T12:44:00+00:00","dateModified":"2022-09-06T13:50:16+00:00","breadcrumb":{"@id":"https:\/\/www.guerini.it\/index.php\/addio-ad-antonio-pilati-la-mente-delle-telecomunicazioni-dallo-spirito-sempre-giovane\/#breadcrumb"},"inLanguage":"it-IT","potentialAction":[{"@type":"ReadAction","target":["https:\/\/www.guerini.it\/index.php\/addio-ad-antonio-pilati-la-mente-delle-telecomunicazioni-dallo-spirito-sempre-giovane\/"]}]},{"@type":"ImageObject","inLanguage":"it-IT","@id":"https:\/\/www.guerini.it\/index.php\/addio-ad-antonio-pilati-la-mente-delle-telecomunicazioni-dallo-spirito-sempre-giovane\/#primaryimage","url":"https:\/\/www.guerini.it\/wp-content\/uploads\/2022\/08\/Progetto-senza-titolo-81.png","contentUrl":"https:\/\/www.guerini.it\/wp-content\/uploads\/2022\/08\/Progetto-senza-titolo-81.png","width":720,"height":360},{"@type":"BreadcrumbList","@id":"https:\/\/www.guerini.it\/index.php\/addio-ad-antonio-pilati-la-mente-delle-telecomunicazioni-dallo-spirito-sempre-giovane\/#breadcrumb","itemListElement":[{"@type":"ListItem","position":1,"name":"Home","item":"https:\/\/www.guerini.it\/"},{"@type":"ListItem","position":2,"name":"ADDIO AD ANTONIO PILATI, la mente delle telecomunicazioni dallo spirito sempre giovane"}]},{"@type":"WebSite","@id":"https:\/\/www.guerini.it\/#website","url":"https:\/\/www.guerini.it\/","name":"Guerini e Associati","description":"30 anni di libri, idee e libert\u00e0","publisher":{"@id":"https:\/\/www.guerini.it\/#organization"},"potentialAction":[{"@type":"SearchAction","target":{"@type":"EntryPoint","urlTemplate":"https:\/\/www.guerini.it\/?s={search_term_string}"},"query-input":{"@type":"PropertyValueSpecification","valueRequired":true,"valueName":"search_term_string"}}],"inLanguage":"it-IT"},{"@type":"Organization","@id":"https:\/\/www.guerini.it\/#organization","name":"Guerini e Associati","url":"https:\/\/www.guerini.it\/","logo":{"@type":"ImageObject","inLanguage":"it-IT","@id":"https:\/\/www.guerini.it\/#\/schema\/logo\/image\/","url":"https:\/\/www.guerini.it\/wp-content\/uploads\/2021\/03\/Logo-Guerini-OK_-e1615831292285.png","contentUrl":"https:\/\/www.guerini.it\/wp-content\/uploads\/2021\/03\/Logo-Guerini-OK_-e1615831292285.png","width":2805,"height":1870,"caption":"Guerini e Associati"},"image":{"@id":"https:\/\/www.guerini.it\/#\/schema\/logo\/image\/"}},{"@type":"Person","@id":"https:\/\/www.guerini.it\/#\/schema\/person\/967703dca40d9a5c3919949269184199","name":"Margherita Puzzo","image":{"@type":"ImageObject","inLanguage":"it-IT","@id":"https:\/\/www.guerini.it\/#\/schema\/person\/image\/","url":"https:\/\/secure.gravatar.com\/avatar\/b595c1c87bc9163bee8c169a924886a20ec93110555b11dd70523be37cec9612?s=96&d=mm&r=g","contentUrl":"https:\/\/secure.gravatar.com\/avatar\/b595c1c87bc9163bee8c169a924886a20ec93110555b11dd70523be37cec9612?s=96&d=mm&r=g","caption":"Margherita Puzzo"},"url":"https:\/\/www.guerini.it\/index.php\/author\/mpuzzo\/"}]}},"_links":{"self":[{"href":"https:\/\/www.guerini.it\/index.php\/wp-json\/wp\/v2\/posts\/22887","targetHints":{"allow":["GET"]}}],"collection":[{"href":"https:\/\/www.guerini.it\/index.php\/wp-json\/wp\/v2\/posts"}],"about":[{"href":"https:\/\/www.guerini.it\/index.php\/wp-json\/wp\/v2\/types\/post"}],"author":[{"embeddable":true,"href":"https:\/\/www.guerini.it\/index.php\/wp-json\/wp\/v2\/users\/13304"}],"replies":[{"embeddable":true,"href":"https:\/\/www.guerini.it\/index.php\/wp-json\/wp\/v2\/comments?post=22887"}],"version-history":[{"count":1,"href":"https:\/\/www.guerini.it\/index.php\/wp-json\/wp\/v2\/posts\/22887\/revisions"}],"predecessor-version":[{"id":22893,"href":"https:\/\/www.guerini.it\/index.php\/wp-json\/wp\/v2\/posts\/22887\/revisions\/22893"}],"wp:featuredmedia":[{"embeddable":true,"href":"https:\/\/www.guerini.it\/index.php\/wp-json\/wp\/v2\/media\/22895"}],"wp:attachment":[{"href":"https:\/\/www.guerini.it\/index.php\/wp-json\/wp\/v2\/media?parent=22887"}],"wp:term":[{"taxonomy":"category","embeddable":true,"href":"https:\/\/www.guerini.it\/index.php\/wp-json\/wp\/v2\/categories?post=22887"},{"taxonomy":"post_tag","embeddable":true,"href":"https:\/\/www.guerini.it\/index.php\/wp-json\/wp\/v2\/tags?post=22887"}],"curies":[{"name":"wp","href":"https:\/\/api.w.org\/{rel}","templated":true}]}}