{"id":23522,"date":"2022-11-24T17:11:07","date_gmt":"2022-11-24T16:11:07","guid":{"rendered":"https:\/\/www.guerini.it\/?p=23522"},"modified":"2022-11-28T17:17:36","modified_gmt":"2022-11-28T16:17:36","slug":"doppio-attentato-a-gerusalemme-il-monte-del-tempio-come-centro-di-spiritualita-e-conflitti","status":"publish","type":"post","link":"https:\/\/www.guerini.it\/index.php\/doppio-attentato-a-gerusalemme-il-monte-del-tempio-come-centro-di-spiritualita-e-conflitti\/","title":{"rendered":"Doppio attentato a Gerusalemme: il Monte del Tempio come centro di spiritualit\u00e0 e conflitti"},"content":{"rendered":"\n<h2 class=\"wp-block-heading\"><strong>La contesa del Monte del Tempio<\/strong><\/h2>\n\n\n\n<p>Negli ultimi mesi le tensioni tra Israele e Palestina sono tornate a crescere, rivitalizzando il conflitto politico-religioso che ormai da decenni investe il vicino Oriente e che ha il suo centro nevralgico nel Monte del Tempio. Come Yitzhak Reiter e Dvir Dimant raccontano con dovizia di documenti nel libro <a href=\"https:\/\/www.guerini.it\/index.php\/prodotto\/il-monte-del-tempio\/\"><em>Il Monte del Tempio. Ebraismo, <\/em>Isl\u0101m <em>e la Roccia contesa<\/em>,<\/a> il Monte del Tempio di Gerusalemme \u00e8 il luogo con la pi\u00f9 alta concentrazione di spiritualit\u00e0 del pianeta. Punto d\u2019incontro dei tre grandi monoteismi (Cristianesimo, Ebraismo e Isl\u0101m), \u00e8 al contempo lo spazio fisico e simbolico dei conflitti religiosi. Da qui prendono vita polemiche e feroci violenze, come quella appena avvenuta.<\/p>\n\n\n\n<h2 class=\"wp-block-heading\"><strong>Cos&#8217;\u00e8 successo a Gerusalemme<\/strong><\/h2>\n\n\n\n<p>La mattina del 23 novembre sono avvenute due esplosioni in due diversi punti di ingresso nella citt\u00e0, presso le fermate dell\u2019autobus. Bilancio: ventidue feriti e una vittima di appena sedici anni. Nonostante l\u2019attentato non sia ancora stato rivendicato, l\u2019organizzazione fondamentalista islamica Hamas avrebbe, <a href=\"https:\/\/www.timesofisrael.com\/liveblog_entry\/hamas-hails-jerusalem-terror-attacks-warns-of-further-violence\/\" class=\"ek-link broken_link\">secondo la stampa israeliana<\/a>, espresso una certa soddisfazione circa i terribili fatti appena verificatisi.<\/p>\n\n\n\n<h2 class=\"wp-block-heading\"><strong>Uniti nelle origini, allora perch\u00e9 distanti?<\/strong><\/h2>\n\n\n\n<p>Le fonti storiche e artistiche raccontano, tuttavia, un\u2019altra storia, che va oltre le lotte e le divisioni cui siamo abituati a pensare quando parliamo di Musulmani ed Ebrei. L\u2019opera di Reiter e Dimant dimostra infatti come gli scritti fondativi della comunit\u00e0 islamica riconoscano ampiamente la storia ebraica del Monte del Tempio, attribuendole una legittimit\u00e0 che i credenti musulmani di oggi sembrano voler negare. Quello in atto sembra dunque il pericoloso tentativo di riscrivere una storia che vede invece i due popoli pi\u00f9 vicini che distanti. Questa negazione della verit\u00e0 storica, nel saggio puntualmente e scientificamente riportata alla luce, \u00e8 ancora una volta segnale manifesto di come la religione venga strumentalizzata per ottenere o consolidare il sostegno politico.<\/p>\n\n\n\n<figure class=\"wp-block-image aligncenter size-full is-resized\"><img loading=\"lazy\" decoding=\"async\" src=\"https:\/\/www.guerini.it\/wp-content\/uploads\/2022\/11\/Il-Monte-del-Tempio-1.webp\" alt=\"Il Monte del Tempio, Yitzhak Reiter, Dvir Dimant, Guerini e Associati, 2022\" class=\"wp-image-23524\" width=\"325\" height=\"500\" srcset=\"https:\/\/www.guerini.it\/wp-content\/uploads\/2022\/11\/Il-Monte-del-Tempio-1.webp 649w, https:\/\/www.guerini.it\/wp-content\/uploads\/2022\/11\/Il-Monte-del-Tempio-1-195x300.webp 195w, https:\/\/www.guerini.it\/wp-content\/uploads\/2022\/11\/Il-Monte-del-Tempio-1-300x462.webp 300w, https:\/\/www.guerini.it\/wp-content\/uploads\/2022\/11\/Il-Monte-del-Tempio-1-600x924.webp 600w, https:\/\/www.guerini.it\/wp-content\/uploads\/2022\/11\/Il-Monte-del-Tempio-1-64x99.webp 64w\" sizes=\"auto, (max-width: 325px) 100vw, 325px\" \/><figcaption class=\"wp-element-caption\">Yitzhak Reiter e Dvir Dimant, <em>Il Monte del Tempio<\/em> | Guerini e Associati | 2022 | 208 pp. | 18,50 euro<\/figcaption><\/figure>\n","protected":false},"excerpt":{"rendered":"<p>La contesa del Monte del Tempio Negli ultimi mesi le tensioni tra Israele e Palestina sono tornate a crescere, rivitalizzando il conflitto politico-religioso che ormai da decenni investe il vicino [&hellip;]<\/p>\n","protected":false},"author":13304,"featured_media":23526,"comment_status":"open","ping_status":"open","sticky":false,"template":"","format":"standard","meta":{"_editorskit_title_hidden":false,"_editorskit_reading_time":1,"_editorskit_is_block_options_detached":false,"_editorskit_block_options_position":"{}","_monsterinsights_skip_tracking":false,"_monsterinsights_sitenote_active":false,"_monsterinsights_sitenote_note":"","_monsterinsights_sitenote_category":0,"footnotes":""},"categories":[83,114],"tags":[],"class_list":["post-23522","post","type-post","status-publish","format-standard","has-post-thumbnail","hentry","category-attualita","category-dialogo-culture-e-religioni"],"yoast_head":"<!-- This site is optimized with the Yoast SEO plugin v25.4 - https:\/\/yoast.com\/wordpress\/plugins\/seo\/ -->\n<title>Il Monte del Tempio, centro di spiritualit\u00e0 e conflitti | Guerini Editore<\/title>\n<meta name=\"description\" content=\"Un libro per comprendere il secolare rapporto tra ebraismo e Isl\u0101m e la storia del Monte del Tempio attraverso fonti musulmane tradizionali.\" \/>\n<meta name=\"robots\" content=\"index, follow, max-snippet:-1, max-image-preview:large, max-video-preview:-1\" \/>\n<link rel=\"canonical\" href=\"https:\/\/www.guerini.it\/index.php\/doppio-attentato-a-gerusalemme-il-monte-del-tempio-come-centro-di-spiritualita-e-conflitti\/\" \/>\n<meta property=\"og:locale\" content=\"it_IT\" \/>\n<meta property=\"og:type\" content=\"article\" \/>\n<meta property=\"og:title\" content=\"Il Monte del Tempio, centro di spiritualit\u00e0 e conflitti | Guerini Editore\" \/>\n<meta property=\"og:description\" content=\"Un libro per comprendere il secolare rapporto tra ebraismo e Isl\u0101m e la storia del Monte del Tempio attraverso fonti musulmane tradizionali.\" \/>\n<meta property=\"og:url\" content=\"https:\/\/www.guerini.it\/index.php\/doppio-attentato-a-gerusalemme-il-monte-del-tempio-come-centro-di-spiritualita-e-conflitti\/\" \/>\n<meta property=\"og:site_name\" content=\"Guerini e Associati\" \/>\n<meta property=\"article:published_time\" content=\"2022-11-24T16:11:07+00:00\" \/>\n<meta property=\"article:modified_time\" content=\"2022-11-28T16:17:36+00:00\" \/>\n<meta property=\"og:image\" content=\"https:\/\/www.guerini.it\/wp-content\/uploads\/2022\/11\/jerusalem_israel_old_town_the_jewish_quarter_wall_walls_the_rock_temple_dome_of_the_rock-798971-_1_.webp\" \/>\n\t<meta property=\"og:image:width\" content=\"1200\" \/>\n\t<meta property=\"og:image:height\" content=\"462\" \/>\n\t<meta property=\"og:image:type\" content=\"image\/webp\" \/>\n<meta name=\"author\" content=\"Margherita Puzzo\" \/>\n<meta name=\"twitter:card\" content=\"summary_large_image\" \/>\n<meta name=\"twitter:label1\" content=\"Scritto da\" \/>\n\t<meta name=\"twitter:data1\" content=\"Margherita Puzzo\" \/>\n\t<meta name=\"twitter:label2\" content=\"Tempo di lettura stimato\" \/>\n\t<meta name=\"twitter:data2\" content=\"2 minuti\" \/>\n<!-- \/ Yoast SEO plugin. -->","yoast_head_json":{"title":"Il Monte del Tempio, centro di spiritualit\u00e0 e conflitti | Guerini Editore","description":"Un libro per comprendere il secolare rapporto tra ebraismo e Isl\u0101m e la storia del Monte del Tempio attraverso fonti musulmane tradizionali.","robots":{"index":"index","follow":"follow","max-snippet":"max-snippet:-1","max-image-preview":"max-image-preview:large","max-video-preview":"max-video-preview:-1"},"canonical":"https:\/\/www.guerini.it\/index.php\/doppio-attentato-a-gerusalemme-il-monte-del-tempio-come-centro-di-spiritualita-e-conflitti\/","og_locale":"it_IT","og_type":"article","og_title":"Il Monte del Tempio, centro di spiritualit\u00e0 e conflitti | Guerini Editore","og_description":"Un libro per comprendere il secolare rapporto tra ebraismo e Isl\u0101m e la storia del Monte del Tempio attraverso fonti musulmane tradizionali.","og_url":"https:\/\/www.guerini.it\/index.php\/doppio-attentato-a-gerusalemme-il-monte-del-tempio-come-centro-di-spiritualita-e-conflitti\/","og_site_name":"Guerini e Associati","article_published_time":"2022-11-24T16:11:07+00:00","article_modified_time":"2022-11-28T16:17:36+00:00","og_image":[{"width":1200,"height":462,"url":"https:\/\/www.guerini.it\/wp-content\/uploads\/2022\/11\/jerusalem_israel_old_town_the_jewish_quarter_wall_walls_the_rock_temple_dome_of_the_rock-798971-_1_.webp","type":"image\/webp"}],"author":"Margherita Puzzo","twitter_card":"summary_large_image","twitter_misc":{"Scritto da":"Margherita Puzzo","Tempo di lettura stimato":"2 minuti"},"schema":{"@context":"https:\/\/schema.org","@graph":[{"@type":"Article","@id":"https:\/\/www.guerini.it\/index.php\/doppio-attentato-a-gerusalemme-il-monte-del-tempio-come-centro-di-spiritualita-e-conflitti\/#article","isPartOf":{"@id":"https:\/\/www.guerini.it\/index.php\/doppio-attentato-a-gerusalemme-il-monte-del-tempio-come-centro-di-spiritualita-e-conflitti\/"},"author":{"name":"Margherita Puzzo","@id":"https:\/\/www.guerini.it\/#\/schema\/person\/967703dca40d9a5c3919949269184199"},"headline":"Doppio attentato a Gerusalemme: il Monte del Tempio come centro di spiritualit\u00e0 e conflitti","datePublished":"2022-11-24T16:11:07+00:00","dateModified":"2022-11-28T16:17:36+00:00","mainEntityOfPage":{"@id":"https:\/\/www.guerini.it\/index.php\/doppio-attentato-a-gerusalemme-il-monte-del-tempio-come-centro-di-spiritualita-e-conflitti\/"},"wordCount":332,"commentCount":0,"publisher":{"@id":"https:\/\/www.guerini.it\/#organization"},"image":{"@id":"https:\/\/www.guerini.it\/index.php\/doppio-attentato-a-gerusalemme-il-monte-del-tempio-come-centro-di-spiritualita-e-conflitti\/#primaryimage"},"thumbnailUrl":"https:\/\/www.guerini.it\/wp-content\/uploads\/2022\/11\/jerusalem_israel_old_town_the_jewish_quarter_wall_walls_the_rock_temple_dome_of_the_rock-798971-_1_.webp","articleSection":["Attualit\u00e0","Dialogo, culture e religioni"],"inLanguage":"it-IT","potentialAction":[{"@type":"CommentAction","name":"Comment","target":["https:\/\/www.guerini.it\/index.php\/doppio-attentato-a-gerusalemme-il-monte-del-tempio-come-centro-di-spiritualita-e-conflitti\/#respond"]}]},{"@type":"WebPage","@id":"https:\/\/www.guerini.it\/index.php\/doppio-attentato-a-gerusalemme-il-monte-del-tempio-come-centro-di-spiritualita-e-conflitti\/","url":"https:\/\/www.guerini.it\/index.php\/doppio-attentato-a-gerusalemme-il-monte-del-tempio-come-centro-di-spiritualita-e-conflitti\/","name":"Il Monte del Tempio, centro di spiritualit\u00e0 e conflitti | Guerini Editore","isPartOf":{"@id":"https:\/\/www.guerini.it\/#website"},"primaryImageOfPage":{"@id":"https:\/\/www.guerini.it\/index.php\/doppio-attentato-a-gerusalemme-il-monte-del-tempio-come-centro-di-spiritualita-e-conflitti\/#primaryimage"},"image":{"@id":"https:\/\/www.guerini.it\/index.php\/doppio-attentato-a-gerusalemme-il-monte-del-tempio-come-centro-di-spiritualita-e-conflitti\/#primaryimage"},"thumbnailUrl":"https:\/\/www.guerini.it\/wp-content\/uploads\/2022\/11\/jerusalem_israel_old_town_the_jewish_quarter_wall_walls_the_rock_temple_dome_of_the_rock-798971-_1_.webp","datePublished":"2022-11-24T16:11:07+00:00","dateModified":"2022-11-28T16:17:36+00:00","description":"Un libro per comprendere il secolare rapporto tra ebraismo e Isl\u0101m e la storia del Monte del Tempio attraverso fonti musulmane tradizionali.","breadcrumb":{"@id":"https:\/\/www.guerini.it\/index.php\/doppio-attentato-a-gerusalemme-il-monte-del-tempio-come-centro-di-spiritualita-e-conflitti\/#breadcrumb"},"inLanguage":"it-IT","potentialAction":[{"@type":"ReadAction","target":["https:\/\/www.guerini.it\/index.php\/doppio-attentato-a-gerusalemme-il-monte-del-tempio-come-centro-di-spiritualita-e-conflitti\/"]}]},{"@type":"ImageObject","inLanguage":"it-IT","@id":"https:\/\/www.guerini.it\/index.php\/doppio-attentato-a-gerusalemme-il-monte-del-tempio-come-centro-di-spiritualita-e-conflitti\/#primaryimage","url":"https:\/\/www.guerini.it\/wp-content\/uploads\/2022\/11\/jerusalem_israel_old_town_the_jewish_quarter_wall_walls_the_rock_temple_dome_of_the_rock-798971-_1_.webp","contentUrl":"https:\/\/www.guerini.it\/wp-content\/uploads\/2022\/11\/jerusalem_israel_old_town_the_jewish_quarter_wall_walls_the_rock_temple_dome_of_the_rock-798971-_1_.webp","width":1200,"height":462,"caption":"Il Monte del Tempio, Gerusalemme"},{"@type":"BreadcrumbList","@id":"https:\/\/www.guerini.it\/index.php\/doppio-attentato-a-gerusalemme-il-monte-del-tempio-come-centro-di-spiritualita-e-conflitti\/#breadcrumb","itemListElement":[{"@type":"ListItem","position":1,"name":"Home","item":"https:\/\/www.guerini.it\/"},{"@type":"ListItem","position":2,"name":"Doppio attentato a Gerusalemme: il Monte del Tempio come centro di spiritualit\u00e0 e conflitti"}]},{"@type":"WebSite","@id":"https:\/\/www.guerini.it\/#website","url":"https:\/\/www.guerini.it\/","name":"Guerini e Associati","description":"30 anni di libri, idee e libert\u00e0","publisher":{"@id":"https:\/\/www.guerini.it\/#organization"},"potentialAction":[{"@type":"SearchAction","target":{"@type":"EntryPoint","urlTemplate":"https:\/\/www.guerini.it\/?s={search_term_string}"},"query-input":{"@type":"PropertyValueSpecification","valueRequired":true,"valueName":"search_term_string"}}],"inLanguage":"it-IT"},{"@type":"Organization","@id":"https:\/\/www.guerini.it\/#organization","name":"Guerini e Associati","url":"https:\/\/www.guerini.it\/","logo":{"@type":"ImageObject","inLanguage":"it-IT","@id":"https:\/\/www.guerini.it\/#\/schema\/logo\/image\/","url":"https:\/\/www.guerini.it\/wp-content\/uploads\/2021\/03\/Logo-Guerini-OK_-e1615831292285.png","contentUrl":"https:\/\/www.guerini.it\/wp-content\/uploads\/2021\/03\/Logo-Guerini-OK_-e1615831292285.png","width":2805,"height":1870,"caption":"Guerini e Associati"},"image":{"@id":"https:\/\/www.guerini.it\/#\/schema\/logo\/image\/"}},{"@type":"Person","@id":"https:\/\/www.guerini.it\/#\/schema\/person\/967703dca40d9a5c3919949269184199","name":"Margherita Puzzo","image":{"@type":"ImageObject","inLanguage":"it-IT","@id":"https:\/\/www.guerini.it\/#\/schema\/person\/image\/","url":"https:\/\/secure.gravatar.com\/avatar\/b595c1c87bc9163bee8c169a924886a20ec93110555b11dd70523be37cec9612?s=96&d=mm&r=g","contentUrl":"https:\/\/secure.gravatar.com\/avatar\/b595c1c87bc9163bee8c169a924886a20ec93110555b11dd70523be37cec9612?s=96&d=mm&r=g","caption":"Margherita Puzzo"},"url":"https:\/\/www.guerini.it\/index.php\/author\/mpuzzo\/"}]}},"_links":{"self":[{"href":"https:\/\/www.guerini.it\/index.php\/wp-json\/wp\/v2\/posts\/23522","targetHints":{"allow":["GET"]}}],"collection":[{"href":"https:\/\/www.guerini.it\/index.php\/wp-json\/wp\/v2\/posts"}],"about":[{"href":"https:\/\/www.guerini.it\/index.php\/wp-json\/wp\/v2\/types\/post"}],"author":[{"embeddable":true,"href":"https:\/\/www.guerini.it\/index.php\/wp-json\/wp\/v2\/users\/13304"}],"replies":[{"embeddable":true,"href":"https:\/\/www.guerini.it\/index.php\/wp-json\/wp\/v2\/comments?post=23522"}],"version-history":[{"count":2,"href":"https:\/\/www.guerini.it\/index.php\/wp-json\/wp\/v2\/posts\/23522\/revisions"}],"predecessor-version":[{"id":23527,"href":"https:\/\/www.guerini.it\/index.php\/wp-json\/wp\/v2\/posts\/23522\/revisions\/23527"}],"wp:featuredmedia":[{"embeddable":true,"href":"https:\/\/www.guerini.it\/index.php\/wp-json\/wp\/v2\/media\/23526"}],"wp:attachment":[{"href":"https:\/\/www.guerini.it\/index.php\/wp-json\/wp\/v2\/media?parent=23522"}],"wp:term":[{"taxonomy":"category","embeddable":true,"href":"https:\/\/www.guerini.it\/index.php\/wp-json\/wp\/v2\/categories?post=23522"},{"taxonomy":"post_tag","embeddable":true,"href":"https:\/\/www.guerini.it\/index.php\/wp-json\/wp\/v2\/tags?post=23522"}],"curies":[{"name":"wp","href":"https:\/\/api.w.org\/{rel}","templated":true}]}}