{"id":23691,"date":"2023-02-10T11:28:27","date_gmt":"2023-02-10T10:28:27","guid":{"rendered":"https:\/\/www.guerini.it\/?p=23691"},"modified":"2023-02-10T11:28:30","modified_gmt":"2023-02-10T10:28:30","slug":"lidia-poet-ecco-il-libro-sulla-prima-avvocata-ditalia-ora-protagonista-di-una-serie-netflix","status":"publish","type":"post","link":"https:\/\/www.guerini.it\/index.php\/lidia-poet-ecco-il-libro-sulla-prima-avvocata-ditalia-ora-protagonista-di-una-serie-netflix\/","title":{"rendered":"Lidia Po\u00ebt: ecco il libro sulla prima avvocata d\u2019Italia, ora protagonista di una serie Netflix"},"content":{"rendered":"\n<h2 class=\"wp-block-heading\">Lidia Po\u00ebt: da storia dimenticata a serie su Netflix<\/h2>\n\n\n\n<p>Dopo tante anticipazioni \u00e8 ora ufficiale: dal prossimo <strong>15 febbraio<\/strong> sar\u00e0 disponibile sui nostri schermi una <a href=\"https:\/\/www.netflix.com\/it\/title\/81414644\" class=\"ek-link\"><strong>serie dedicata a Lidia Po\u00ebt<\/strong><\/a> targata Netflix. Ma chi era questa ragazza? E come mai si torna a parlarne oggi? Lidia Po\u00ebt \u00e8 stata <strong>la prima donna d\u2019Italia a riuscire a iscriversi all\u2019Albo degli avvocati<\/strong>, alla fine dell\u2019Ottocento. Non fu un\u2019impresa facile, ma la lotta di una vita portata avanti da <strong>una ragazza che voleva cambiare le cose<\/strong>, per le donne del tempo e per tutte quelle a venire. Una lotta che si concluse quando Lidia aveva ormai 65 anni (nel 1920) e la Corte di Cassazione decise che s\u00ec, da allora avrebbe potuto esercitare legalmente la professione. <strong>Una conquista storica<\/strong>, una storia di riconoscimento dell\u2019eguaglianza di genere passata per molto tempo sotto silenzio, ma che negli ultimi anni ha ricominciato a essere oggetto di interesse, prima grazie ad alcuni libri e, ora, a una serie tv.<\/p>\n\n\n\n<h2 class=\"wp-block-heading\">\u00abL\u2019indole femminile mal si addice all\u2019avvocheria\u00bb<\/h2>\n\n\n\n<p>L\u2019obiezione principale che aveva sempre impedito l\u2019accesso di Lidia all\u2019Albo era, naturalmente, il suo essere donna. La Corte di Cassazione cos\u00ec si esprimeva nel 1884, durante la discussione del suo caso: \u00abL&#8217;esercizio dell&#8217;avvocatura per parte delle donne \u00e8 incompatibile con la riservatezza del sesso e con la seriet\u00e0 dei giudizi\u00bb. E ancora \u00ab\u00c8 troppo ardita la pretesa di voler trovare una dichiarazione nel senso che il diploma ottenuto da una donna basti per far nascere la capacit\u00e0 relativa all&#8217;esercizio della professione dell&#8217;avvocato\u00bb. <strong>Le donne<\/strong>, insomma, <strong>non venivano ritenute all\u2019altezza della professione<\/strong> perch\u00e9 frivole, umorali e incapaci di dare giudizi seri, non importa che studi avessero fatto e quanti diplomi avessero conseguito.<\/p>\n\n\n\n<figure class=\"wp-block-image aligncenter size-large is-resized\"><a href=\"https:\/\/www.guerini.it\/index.php\/prodotto\/lidia-e-le-altre\/\"><img loading=\"lazy\" decoding=\"async\" src=\"https:\/\/www.guerini.it\/wp-content\/uploads\/2023\/02\/Front-Cover-LIDIA-E-LE-ALTRE-683x1024.webp\" alt=\"Lidia e le altre. Pari opportunit\u00e0 ieri e oggi: l'eredit\u00e0 di Lidia Po\u00ebt, Chiara Viale, Guerini Next, 2022\" class=\"wp-image-23694\" width=\"342\" height=\"512\" srcset=\"https:\/\/www.guerini.it\/wp-content\/uploads\/2023\/02\/Front-Cover-LIDIA-E-LE-ALTRE-683x1024.webp 683w, https:\/\/www.guerini.it\/wp-content\/uploads\/2023\/02\/Front-Cover-LIDIA-E-LE-ALTRE-200x300.webp 200w, https:\/\/www.guerini.it\/wp-content\/uploads\/2023\/02\/Front-Cover-LIDIA-E-LE-ALTRE-768x1152.webp 768w, https:\/\/www.guerini.it\/wp-content\/uploads\/2023\/02\/Front-Cover-LIDIA-E-LE-ALTRE-1024x1536.webp 1024w, https:\/\/www.guerini.it\/wp-content\/uploads\/2023\/02\/Front-Cover-LIDIA-E-LE-ALTRE-1366x2048.webp 1366w, https:\/\/www.guerini.it\/wp-content\/uploads\/2023\/02\/Front-Cover-LIDIA-E-LE-ALTRE-300x450.webp 300w, https:\/\/www.guerini.it\/wp-content\/uploads\/2023\/02\/Front-Cover-LIDIA-E-LE-ALTRE-600x900.webp 600w, https:\/\/www.guerini.it\/wp-content\/uploads\/2023\/02\/Front-Cover-LIDIA-E-LE-ALTRE-64x96.webp 64w, https:\/\/www.guerini.it\/wp-content\/uploads\/2023\/02\/Front-Cover-LIDIA-E-LE-ALTRE.webp 1654w\" sizes=\"auto, (max-width: 342px) 100vw, 342px\" \/><\/a><figcaption class=\"wp-element-caption\">La copertina del libro <em>Lidia e le altre<\/em> di Chiara Viale<\/figcaption><\/figure>\n\n\n\n<h2 class=\"wp-block-heading\"><em>Lidia e le altre<\/em>: il libro per riscoprire la prima avvocata d\u2019Italia<\/h2>\n\n\n\n<p>A cambiare le carte in tavola ci pens\u00f2 quindi Lidia Po\u00ebt, come racconta <strong>l\u2019avvocata Chiara Viale<\/strong> nel suo libro <em><a href=\"https:\/\/www.guerini.it\/index.php\/prodotto\/lidia-e-le-altre\/\" class=\"ek-link\">Lidia e le altre. Pari opportunit\u00e0 ieri e oggi: l\u2019eredit\u00e0 di Lidia Po\u00ebt<\/a><\/em>, uno dei primi volumi a riportare la storia di questa figura straordinaria all\u2019attenzione del pubblico. <strong>Con una presentazione di Marta Cartabia e una prefazione di Pierluigi Battista<\/strong>, il libro rid\u00e0 voce alla stessa Lidia, con i suoi scritti e le sue parole, pronunciate per impugnare la sentenza della Corte di Cassazione. Una storia a tutto tondo, che racconta non solo la sua vita e la sua battaglia, ma <strong>il lascito alle generazioni di donne successive<\/strong>. Un\u2019opera quindi di ampio respiro, per approfondire e conoscere da vicino episodi e temi soltanto accennati o lasciati da parte dall\u2019inevitabile velocit\u00e0 dei ritmi televisivi.<\/p>\n\n\n\n<figure class=\"wp-block-embed is-type-video is-provider-youtube wp-block-embed-youtube wp-embed-aspect-4-3 wp-has-aspect-ratio has-mobile-text-align-center\"><div class=\"wp-block-embed__wrapper\">\n<iframe loading=\"lazy\" title=\"\u201cUno straordinario esempio di coraggio\u201d. La storia di Lidia Po\u00ebt prima avvocata d&#039;Italia a Bookcity\" width=\"640\" height=\"480\" src=\"https:\/\/www.youtube.com\/embed\/DG0RGKfI2Sc?feature=oembed\" frameborder=\"0\" allow=\"accelerometer; autoplay; clipboard-write; encrypted-media; gyroscope; picture-in-picture; web-share\" referrerpolicy=\"strict-origin-when-cross-origin\" allowfullscreen><\/iframe>\n<\/div><\/figure>\n","protected":false},"excerpt":{"rendered":"<p>Lidia Po\u00ebt: da storia dimenticata a serie su Netflix Dopo tante anticipazioni \u00e8 ora ufficiale: dal prossimo 15 febbraio sar\u00e0 disponibile sui nostri schermi una serie dedicata a Lidia Po\u00ebt [&hellip;]<\/p>\n","protected":false},"author":13304,"featured_media":23701,"comment_status":"open","ping_status":"open","sticky":false,"template":"","format":"standard","meta":{"_editorskit_title_hidden":false,"_editorskit_reading_time":2,"_editorskit_is_block_options_detached":false,"_editorskit_block_options_position":"{}","_monsterinsights_skip_tracking":false,"_monsterinsights_sitenote_active":false,"_monsterinsights_sitenote_note":"","_monsterinsights_sitenote_category":0,"footnotes":""},"categories":[214],"tags":[],"class_list":["post-23691","post","type-post","status-publish","format-standard","has-post-thumbnail","hentry","category-storia"],"yoast_head":"<!-- This site is optimized with the Yoast SEO plugin v25.4 - https:\/\/yoast.com\/wordpress\/plugins\/seo\/ -->\n<title>Lidia Po\u00ebt: dal libro alla serie Netflix | Guerini Editore<\/title>\n<meta name=\"description\" content=\"Lidia e le altre di Chiara Viale \u00e8 il primo libro che racconta la storia di Lidia Po\u00ebt al grande pubblico, oggi diventata una serie Netflix.\" \/>\n<meta name=\"robots\" content=\"index, follow, max-snippet:-1, max-image-preview:large, max-video-preview:-1\" \/>\n<link rel=\"canonical\" href=\"https:\/\/www.guerini.it\/index.php\/lidia-poet-ecco-il-libro-sulla-prima-avvocata-ditalia-ora-protagonista-di-una-serie-netflix\/\" \/>\n<meta property=\"og:locale\" content=\"it_IT\" \/>\n<meta property=\"og:type\" content=\"article\" \/>\n<meta property=\"og:title\" content=\"Lidia Po\u00ebt: dal libro alla serie Netflix | Guerini Editore\" \/>\n<meta property=\"og:description\" content=\"Lidia e le altre di Chiara Viale \u00e8 il primo libro che racconta la storia di Lidia Po\u00ebt al grande pubblico, oggi diventata una serie Netflix.\" \/>\n<meta property=\"og:url\" content=\"https:\/\/www.guerini.it\/index.php\/lidia-poet-ecco-il-libro-sulla-prima-avvocata-ditalia-ora-protagonista-di-una-serie-netflix\/\" \/>\n<meta property=\"og:site_name\" content=\"Guerini e Associati\" \/>\n<meta property=\"article:published_time\" content=\"2023-02-10T10:28:27+00:00\" \/>\n<meta property=\"article:modified_time\" content=\"2023-02-10T10:28:30+00:00\" \/>\n<meta property=\"og:image\" content=\"https:\/\/www.guerini.it\/wp-content\/uploads\/2023\/02\/Immagine-in-evidenza_articolo-scaled.webp\" \/>\n\t<meta property=\"og:image:width\" content=\"2560\" \/>\n\t<meta property=\"og:image:height\" content=\"1200\" \/>\n\t<meta property=\"og:image:type\" content=\"image\/webp\" \/>\n<meta name=\"author\" content=\"Margherita Puzzo\" \/>\n<meta name=\"twitter:card\" content=\"summary_large_image\" \/>\n<meta name=\"twitter:label1\" content=\"Scritto da\" \/>\n\t<meta name=\"twitter:data1\" content=\"Margherita Puzzo\" \/>\n\t<meta name=\"twitter:label2\" content=\"Tempo di lettura stimato\" \/>\n\t<meta name=\"twitter:data2\" content=\"3 minuti\" \/>\n<!-- \/ Yoast SEO plugin. -->","yoast_head_json":{"title":"Lidia Po\u00ebt: dal libro alla serie Netflix | Guerini Editore","description":"Lidia e le altre di Chiara Viale \u00e8 il primo libro che racconta la storia di Lidia Po\u00ebt al grande pubblico, oggi diventata una serie Netflix.","robots":{"index":"index","follow":"follow","max-snippet":"max-snippet:-1","max-image-preview":"max-image-preview:large","max-video-preview":"max-video-preview:-1"},"canonical":"https:\/\/www.guerini.it\/index.php\/lidia-poet-ecco-il-libro-sulla-prima-avvocata-ditalia-ora-protagonista-di-una-serie-netflix\/","og_locale":"it_IT","og_type":"article","og_title":"Lidia Po\u00ebt: dal libro alla serie Netflix | Guerini Editore","og_description":"Lidia e le altre di Chiara Viale \u00e8 il primo libro che racconta la storia di Lidia Po\u00ebt al grande pubblico, oggi diventata una serie Netflix.","og_url":"https:\/\/www.guerini.it\/index.php\/lidia-poet-ecco-il-libro-sulla-prima-avvocata-ditalia-ora-protagonista-di-una-serie-netflix\/","og_site_name":"Guerini e Associati","article_published_time":"2023-02-10T10:28:27+00:00","article_modified_time":"2023-02-10T10:28:30+00:00","og_image":[{"width":2560,"height":1200,"url":"https:\/\/www.guerini.it\/wp-content\/uploads\/2023\/02\/Immagine-in-evidenza_articolo-scaled.webp","type":"image\/webp"}],"author":"Margherita Puzzo","twitter_card":"summary_large_image","twitter_misc":{"Scritto da":"Margherita Puzzo","Tempo di lettura stimato":"3 minuti"},"schema":{"@context":"https:\/\/schema.org","@graph":[{"@type":"Article","@id":"https:\/\/www.guerini.it\/index.php\/lidia-poet-ecco-il-libro-sulla-prima-avvocata-ditalia-ora-protagonista-di-una-serie-netflix\/#article","isPartOf":{"@id":"https:\/\/www.guerini.it\/index.php\/lidia-poet-ecco-il-libro-sulla-prima-avvocata-ditalia-ora-protagonista-di-una-serie-netflix\/"},"author":{"name":"Margherita Puzzo","@id":"https:\/\/www.guerini.it\/#\/schema\/person\/967703dca40d9a5c3919949269184199"},"headline":"Lidia Po\u00ebt: ecco il libro sulla prima avvocata d\u2019Italia, ora protagonista di una serie Netflix","datePublished":"2023-02-10T10:28:27+00:00","dateModified":"2023-02-10T10:28:30+00:00","mainEntityOfPage":{"@id":"https:\/\/www.guerini.it\/index.php\/lidia-poet-ecco-il-libro-sulla-prima-avvocata-ditalia-ora-protagonista-di-una-serie-netflix\/"},"wordCount":482,"commentCount":0,"publisher":{"@id":"https:\/\/www.guerini.it\/#organization"},"image":{"@id":"https:\/\/www.guerini.it\/index.php\/lidia-poet-ecco-il-libro-sulla-prima-avvocata-ditalia-ora-protagonista-di-una-serie-netflix\/#primaryimage"},"thumbnailUrl":"https:\/\/www.guerini.it\/wp-content\/uploads\/2023\/02\/Immagine-in-evidenza_articolo-scaled.webp","articleSection":["Storia"],"inLanguage":"it-IT","potentialAction":[{"@type":"CommentAction","name":"Comment","target":["https:\/\/www.guerini.it\/index.php\/lidia-poet-ecco-il-libro-sulla-prima-avvocata-ditalia-ora-protagonista-di-una-serie-netflix\/#respond"]}]},{"@type":"WebPage","@id":"https:\/\/www.guerini.it\/index.php\/lidia-poet-ecco-il-libro-sulla-prima-avvocata-ditalia-ora-protagonista-di-una-serie-netflix\/","url":"https:\/\/www.guerini.it\/index.php\/lidia-poet-ecco-il-libro-sulla-prima-avvocata-ditalia-ora-protagonista-di-una-serie-netflix\/","name":"Lidia Po\u00ebt: dal libro alla serie Netflix | Guerini Editore","isPartOf":{"@id":"https:\/\/www.guerini.it\/#website"},"primaryImageOfPage":{"@id":"https:\/\/www.guerini.it\/index.php\/lidia-poet-ecco-il-libro-sulla-prima-avvocata-ditalia-ora-protagonista-di-una-serie-netflix\/#primaryimage"},"image":{"@id":"https:\/\/www.guerini.it\/index.php\/lidia-poet-ecco-il-libro-sulla-prima-avvocata-ditalia-ora-protagonista-di-una-serie-netflix\/#primaryimage"},"thumbnailUrl":"https:\/\/www.guerini.it\/wp-content\/uploads\/2023\/02\/Immagine-in-evidenza_articolo-scaled.webp","datePublished":"2023-02-10T10:28:27+00:00","dateModified":"2023-02-10T10:28:30+00:00","description":"Lidia e le altre di Chiara Viale \u00e8 il primo libro che racconta la storia di Lidia Po\u00ebt al grande pubblico, oggi diventata una serie Netflix.","breadcrumb":{"@id":"https:\/\/www.guerini.it\/index.php\/lidia-poet-ecco-il-libro-sulla-prima-avvocata-ditalia-ora-protagonista-di-una-serie-netflix\/#breadcrumb"},"inLanguage":"it-IT","potentialAction":[{"@type":"ReadAction","target":["https:\/\/www.guerini.it\/index.php\/lidia-poet-ecco-il-libro-sulla-prima-avvocata-ditalia-ora-protagonista-di-una-serie-netflix\/"]}]},{"@type":"ImageObject","inLanguage":"it-IT","@id":"https:\/\/www.guerini.it\/index.php\/lidia-poet-ecco-il-libro-sulla-prima-avvocata-ditalia-ora-protagonista-di-una-serie-netflix\/#primaryimage","url":"https:\/\/www.guerini.it\/wp-content\/uploads\/2023\/02\/Immagine-in-evidenza_articolo-scaled.webp","contentUrl":"https:\/\/www.guerini.it\/wp-content\/uploads\/2023\/02\/Immagine-in-evidenza_articolo-scaled.webp","width":2560,"height":1200},{"@type":"BreadcrumbList","@id":"https:\/\/www.guerini.it\/index.php\/lidia-poet-ecco-il-libro-sulla-prima-avvocata-ditalia-ora-protagonista-di-una-serie-netflix\/#breadcrumb","itemListElement":[{"@type":"ListItem","position":1,"name":"Home","item":"https:\/\/www.guerini.it\/"},{"@type":"ListItem","position":2,"name":"Lidia Po\u00ebt: ecco il libro sulla prima avvocata d\u2019Italia, ora protagonista di una serie Netflix"}]},{"@type":"WebSite","@id":"https:\/\/www.guerini.it\/#website","url":"https:\/\/www.guerini.it\/","name":"Guerini e Associati","description":"30 anni di libri, idee e libert\u00e0","publisher":{"@id":"https:\/\/www.guerini.it\/#organization"},"potentialAction":[{"@type":"SearchAction","target":{"@type":"EntryPoint","urlTemplate":"https:\/\/www.guerini.it\/?s={search_term_string}"},"query-input":{"@type":"PropertyValueSpecification","valueRequired":true,"valueName":"search_term_string"}}],"inLanguage":"it-IT"},{"@type":"Organization","@id":"https:\/\/www.guerini.it\/#organization","name":"Guerini e Associati","url":"https:\/\/www.guerini.it\/","logo":{"@type":"ImageObject","inLanguage":"it-IT","@id":"https:\/\/www.guerini.it\/#\/schema\/logo\/image\/","url":"https:\/\/www.guerini.it\/wp-content\/uploads\/2021\/03\/Logo-Guerini-OK_-e1615831292285.png","contentUrl":"https:\/\/www.guerini.it\/wp-content\/uploads\/2021\/03\/Logo-Guerini-OK_-e1615831292285.png","width":2805,"height":1870,"caption":"Guerini e Associati"},"image":{"@id":"https:\/\/www.guerini.it\/#\/schema\/logo\/image\/"}},{"@type":"Person","@id":"https:\/\/www.guerini.it\/#\/schema\/person\/967703dca40d9a5c3919949269184199","name":"Margherita Puzzo","image":{"@type":"ImageObject","inLanguage":"it-IT","@id":"https:\/\/www.guerini.it\/#\/schema\/person\/image\/","url":"https:\/\/secure.gravatar.com\/avatar\/b595c1c87bc9163bee8c169a924886a20ec93110555b11dd70523be37cec9612?s=96&d=mm&r=g","contentUrl":"https:\/\/secure.gravatar.com\/avatar\/b595c1c87bc9163bee8c169a924886a20ec93110555b11dd70523be37cec9612?s=96&d=mm&r=g","caption":"Margherita Puzzo"},"url":"https:\/\/www.guerini.it\/index.php\/author\/mpuzzo\/"}]}},"_links":{"self":[{"href":"https:\/\/www.guerini.it\/index.php\/wp-json\/wp\/v2\/posts\/23691","targetHints":{"allow":["GET"]}}],"collection":[{"href":"https:\/\/www.guerini.it\/index.php\/wp-json\/wp\/v2\/posts"}],"about":[{"href":"https:\/\/www.guerini.it\/index.php\/wp-json\/wp\/v2\/types\/post"}],"author":[{"embeddable":true,"href":"https:\/\/www.guerini.it\/index.php\/wp-json\/wp\/v2\/users\/13304"}],"replies":[{"embeddable":true,"href":"https:\/\/www.guerini.it\/index.php\/wp-json\/wp\/v2\/comments?post=23691"}],"version-history":[{"count":12,"href":"https:\/\/www.guerini.it\/index.php\/wp-json\/wp\/v2\/posts\/23691\/revisions"}],"predecessor-version":[{"id":23708,"href":"https:\/\/www.guerini.it\/index.php\/wp-json\/wp\/v2\/posts\/23691\/revisions\/23708"}],"wp:featuredmedia":[{"embeddable":true,"href":"https:\/\/www.guerini.it\/index.php\/wp-json\/wp\/v2\/media\/23701"}],"wp:attachment":[{"href":"https:\/\/www.guerini.it\/index.php\/wp-json\/wp\/v2\/media?parent=23691"}],"wp:term":[{"taxonomy":"category","embeddable":true,"href":"https:\/\/www.guerini.it\/index.php\/wp-json\/wp\/v2\/categories?post=23691"},{"taxonomy":"post_tag","embeddable":true,"href":"https:\/\/www.guerini.it\/index.php\/wp-json\/wp\/v2\/tags?post=23691"}],"curies":[{"name":"wp","href":"https:\/\/api.w.org\/{rel}","templated":true}]}}