{"id":23780,"date":"2023-03-01T16:41:18","date_gmt":"2023-03-01T15:41:18","guid":{"rendered":"https:\/\/www.guerini.it\/?p=23780"},"modified":"2023-12-11T17:00:27","modified_gmt":"2023-12-11T16:00:27","slug":"a-sinistra-di-ferruccio-capelli-da-dove-puo-ripartire-il-pd-con-la-vittoria-di-elly-schlein","status":"publish","type":"post","link":"https:\/\/www.guerini.it\/index.php\/a-sinistra-di-ferruccio-capelli-da-dove-puo-ripartire-il-pd-con-la-vittoria-di-elly-schlein\/","title":{"rendered":"\u201cA Sinistra\u201d di Ferruccio Capelli: da dove pu\u00f2 ripartire il PD con la vittoria di Elly Schlein"},"content":{"rendered":"\n<h2 class=\"wp-block-heading\">La sinistra di Elly Schlein<\/h2>\n\n\n\n<p>La Sinistra riparte da Elly Schlein. Con il <strong>53,7% dei vot<\/strong>i contro il 46,3% di Stefano Bonaccini, \u00e8 lei la nuova segretaria del PD. 37 anni, una laurea in giurisprudenza, <strong>prima donna a guidare il partito<\/strong>, in lei la maggior parte dell\u2019elettorato ha riposto la speranza di veder ripartire la Sinistra dopo anni di risultati politici scoraggianti. <a href=\"https:\/\/www.rainews.it\/video\/2023\/02\/elly-schlein-il-primo-discorso-dopo-la-vittoria-alle-primarie-cc91fae1-976c-4ec8-9384-a1ef2cf79ea4.html\">Le prime parole<\/a> di Schlein da <strong>leader del PD<\/strong>, d\u2019altronde, sono state per \u00abquei poveri che il governo colpisce e che non vuole vedere\u00bb, \u00ablavoratrici e lavoratori precari e sfruttati, per alzare i salari e le loro tutele\u00bb. La <strong>giustizia sociale<\/strong>, un tema storicamente \u201cdi sinistra\u201d, ma che il partito era stato accusato di non coltivare pi\u00f9 come un tempo, sembra quindi essere ritornata <strong>al centro delle priorit\u00e0<\/strong> per la nuova segretaria.<\/p>\n\n\n\n<h2 class=\"wp-block-heading\">Il libro di Ferruccio Capelli<\/h2>\n\n\n\n<p>Ed \u00e8 proprio la giustizia sociale uno dei nodi fondamentali da cui <strong>la sinistra pu\u00f2 e deve ripartire<\/strong> secondo <strong>Ferruccio Capelli<\/strong>. Nel suo ultimo saggio <a href=\"https:\/\/www.guerini.it\/index.php\/prodotto\/a-sinistra\/\" class=\"ek-link\"><em>A Sinistra. Con uno sguardo umano<\/em><\/a>, il direttore della Casa della Cultura di Milano esprime chiaramente la necessit\u00e0 per la sinistra di <strong>una nuova narrazione<\/strong>, che ridia voce alle forze progressiste e che torni ad avere uno \u00absguardo umano\u00bb. Il Partito Democratico deve, cio\u00e8, <strong>rimettere l\u2019uomo al centro<\/strong>, riportando il focus su tre anelli indissolubili: <strong>diritti individuali, giustizia sociale e questione ambientale<\/strong>. Solo cos\u00ec potr\u00e0 delineare un futuro nel segno di un nuovo equilibrio con la natura e di una rinnovata coesione nella societ\u00e0. Non stupisce allora che l\u2019autore citi tra le sue fonti anche Elly Schlein, che da anni condivide questi stessi valori.<\/p>\n\n\n\n<figure class=\"wp-block-image aligncenter size-full is-resized\"><a href=\"https:\/\/www.guerini.it\/index.php\/prodotto\/a-sinistra\/\"><img loading=\"lazy\" decoding=\"async\" width=\"667\" height=\"1000\" src=\"https:\/\/www.guerini.it\/wp-content\/uploads\/2023\/01\/A-sinistra.webp\" alt=\"F. Capelli, A Sinistra, Guerini e Associati, 2023\" class=\"wp-image-23612\" style=\"width:334px;height:500px\" srcset=\"https:\/\/www.guerini.it\/wp-content\/uploads\/2023\/01\/A-sinistra.webp 667w, https:\/\/www.guerini.it\/wp-content\/uploads\/2023\/01\/A-sinistra-200x300.webp 200w, https:\/\/www.guerini.it\/wp-content\/uploads\/2023\/01\/A-sinistra-300x450.webp 300w, https:\/\/www.guerini.it\/wp-content\/uploads\/2023\/01\/A-sinistra-600x900.webp 600w, https:\/\/www.guerini.it\/wp-content\/uploads\/2023\/01\/A-sinistra-64x96.webp 64w\" sizes=\"auto, (max-width: 667px) 100vw, 667px\" \/><\/a><figcaption class=\"wp-element-caption\">Copertina del volume <em>A Sinistra<\/em>, Guerini e Associati, 2023<\/figcaption><\/figure>\n\n\n\n<h2 class=\"wp-block-heading\">Rappresentanza e dignit\u00e0 del cittadino<\/h2>\n\n\n\n<p>Scrive Ferruccio Capelli: \u00abLa rappresentanza del lavoro e delle imprese, il tessuto dell\u2019associazionismo e del volontariato, il mondo della cul\u00adtura e della ricerca possono operare come corpi intermedi attorno a cui ricostruire una democrazia organizzata. [\u2026] Al fondo, in tutte queste attivit\u00e0 partecipate, vi \u00e8 la con\u00advinzione che nulla \u00e8 pi\u00f9 importante della dignit\u00e0 delle persone, che tutta la vita pubblica dovrebbe avere come finalit\u00e0 il rispetto degli esseri umani e il rafforzamento del legame sociale\u00bb. <strong>Una proposta chiara che contestualizza nelle necessit\u00e0 del presente alcune storiche istanze della Sinistra<\/strong>. Proprio come fa Elly Schlein nel suo discorso programmatico: \u00abil popolo democratico \u00e8 vivo. [\u2026] Lavoreremo con una linea chiara, che metta al centro il contrasto a ogni forma di diseguaglianza, alla precariet\u00e0, per un lavoro dignitoso. E anche per affrontare con massima urgenza e seriet\u00e0 l\u2019emergenza climatica\u00bb. Per andare incontro a quello che Capelli chiama \u00abun nuovo umanesimo\u00bb. Una societ\u00e0, cio\u00e8, che ruoti attorno ai diritti dell\u2019individuo e a un nuovo equilibrio ambientale.<\/p>\n","protected":false},"excerpt":{"rendered":"<p>La sinistra di Elly Schlein La Sinistra riparte da Elly Schlein. Con il 53,7% dei voti contro il 46,3% di Stefano Bonaccini, \u00e8 lei la nuova segretaria del PD. 37 [&hellip;]<\/p>\n","protected":false},"author":13304,"featured_media":23785,"comment_status":"open","ping_status":"open","sticky":false,"template":"","format":"standard","meta":{"_editorskit_title_hidden":false,"_editorskit_reading_time":2,"_editorskit_is_block_options_detached":false,"_editorskit_block_options_position":"{}","_monsterinsights_skip_tracking":false,"_monsterinsights_sitenote_active":false,"_monsterinsights_sitenote_note":"","_monsterinsights_sitenote_category":0,"footnotes":""},"categories":[83],"tags":[],"class_list":["post-23780","post","type-post","status-publish","format-standard","has-post-thumbnail","hentry","category-attualita"],"yoast_head":"<!-- This site is optimized with the Yoast SEO plugin v25.4 - https:\/\/yoast.com\/wordpress\/plugins\/seo\/ -->\n<title>Ferruccio Capelli e la Sinistra di Elly Schlein | Guerini Editore<\/title>\n<meta name=\"description\" content=\"Con il saggio &quot;A Sinistra&quot;, il direttore della Casa della Cultura di Milano propone un nuovo percorso politico e sociale.\" \/>\n<meta name=\"robots\" content=\"index, follow, max-snippet:-1, max-image-preview:large, max-video-preview:-1\" \/>\n<link rel=\"canonical\" href=\"https:\/\/www.guerini.it\/index.php\/a-sinistra-di-ferruccio-capelli-da-dove-puo-ripartire-il-pd-con-la-vittoria-di-elly-schlein\/\" \/>\n<meta property=\"og:locale\" content=\"it_IT\" \/>\n<meta property=\"og:type\" content=\"article\" \/>\n<meta property=\"og:title\" content=\"Ferruccio Capelli e la Sinistra di Elly Schlein | Guerini Editore\" \/>\n<meta property=\"og:description\" content=\"Con il saggio &quot;A Sinistra&quot;, il direttore della Casa della Cultura di Milano propone un nuovo percorso politico e sociale.\" \/>\n<meta property=\"og:url\" content=\"https:\/\/www.guerini.it\/index.php\/a-sinistra-di-ferruccio-capelli-da-dove-puo-ripartire-il-pd-con-la-vittoria-di-elly-schlein\/\" \/>\n<meta property=\"og:site_name\" content=\"Guerini e Associati\" \/>\n<meta property=\"article:published_time\" content=\"2023-03-01T15:41:18+00:00\" \/>\n<meta property=\"article:modified_time\" content=\"2023-12-11T16:00:27+00:00\" \/>\n<meta property=\"og:image\" content=\"https:\/\/www.guerini.it\/wp-content\/uploads\/2023\/03\/Democratici..webp\" \/>\n\t<meta property=\"og:image:width\" content=\"1200\" \/>\n\t<meta property=\"og:image:height\" content=\"800\" \/>\n\t<meta property=\"og:image:type\" content=\"image\/webp\" \/>\n<meta name=\"author\" content=\"Margherita Puzzo\" \/>\n<meta name=\"twitter:card\" content=\"summary_large_image\" \/>\n<meta name=\"twitter:label1\" content=\"Scritto da\" \/>\n\t<meta name=\"twitter:data1\" content=\"Margherita Puzzo\" \/>\n\t<meta name=\"twitter:label2\" content=\"Tempo di lettura stimato\" \/>\n\t<meta name=\"twitter:data2\" content=\"3 minuti\" \/>\n<!-- \/ Yoast SEO plugin. -->","yoast_head_json":{"title":"Ferruccio Capelli e la Sinistra di Elly Schlein | Guerini Editore","description":"Con il saggio \"A Sinistra\", il direttore della Casa della Cultura di Milano propone un nuovo percorso politico e sociale.","robots":{"index":"index","follow":"follow","max-snippet":"max-snippet:-1","max-image-preview":"max-image-preview:large","max-video-preview":"max-video-preview:-1"},"canonical":"https:\/\/www.guerini.it\/index.php\/a-sinistra-di-ferruccio-capelli-da-dove-puo-ripartire-il-pd-con-la-vittoria-di-elly-schlein\/","og_locale":"it_IT","og_type":"article","og_title":"Ferruccio Capelli e la Sinistra di Elly Schlein | Guerini Editore","og_description":"Con il saggio \"A Sinistra\", il direttore della Casa della Cultura di Milano propone un nuovo percorso politico e sociale.","og_url":"https:\/\/www.guerini.it\/index.php\/a-sinistra-di-ferruccio-capelli-da-dove-puo-ripartire-il-pd-con-la-vittoria-di-elly-schlein\/","og_site_name":"Guerini e Associati","article_published_time":"2023-03-01T15:41:18+00:00","article_modified_time":"2023-12-11T16:00:27+00:00","og_image":[{"width":1200,"height":800,"url":"https:\/\/www.guerini.it\/wp-content\/uploads\/2023\/03\/Democratici..webp","type":"image\/webp"}],"author":"Margherita Puzzo","twitter_card":"summary_large_image","twitter_misc":{"Scritto da":"Margherita Puzzo","Tempo di lettura stimato":"3 minuti"},"schema":{"@context":"https:\/\/schema.org","@graph":[{"@type":"Article","@id":"https:\/\/www.guerini.it\/index.php\/a-sinistra-di-ferruccio-capelli-da-dove-puo-ripartire-il-pd-con-la-vittoria-di-elly-schlein\/#article","isPartOf":{"@id":"https:\/\/www.guerini.it\/index.php\/a-sinistra-di-ferruccio-capelli-da-dove-puo-ripartire-il-pd-con-la-vittoria-di-elly-schlein\/"},"author":{"name":"Margherita Puzzo","@id":"https:\/\/www.guerini.it\/#\/schema\/person\/967703dca40d9a5c3919949269184199"},"headline":"\u201cA Sinistra\u201d di Ferruccio Capelli: da dove pu\u00f2 ripartire il PD con la vittoria di Elly Schlein","datePublished":"2023-03-01T15:41:18+00:00","dateModified":"2023-12-11T16:00:27+00:00","mainEntityOfPage":{"@id":"https:\/\/www.guerini.it\/index.php\/a-sinistra-di-ferruccio-capelli-da-dove-puo-ripartire-il-pd-con-la-vittoria-di-elly-schlein\/"},"wordCount":461,"commentCount":0,"publisher":{"@id":"https:\/\/www.guerini.it\/#organization"},"image":{"@id":"https:\/\/www.guerini.it\/index.php\/a-sinistra-di-ferruccio-capelli-da-dove-puo-ripartire-il-pd-con-la-vittoria-di-elly-schlein\/#primaryimage"},"thumbnailUrl":"https:\/\/www.guerini.it\/wp-content\/uploads\/2023\/03\/Democratici..webp","articleSection":["Attualit\u00e0"],"inLanguage":"it-IT","potentialAction":[{"@type":"CommentAction","name":"Comment","target":["https:\/\/www.guerini.it\/index.php\/a-sinistra-di-ferruccio-capelli-da-dove-puo-ripartire-il-pd-con-la-vittoria-di-elly-schlein\/#respond"]}]},{"@type":"WebPage","@id":"https:\/\/www.guerini.it\/index.php\/a-sinistra-di-ferruccio-capelli-da-dove-puo-ripartire-il-pd-con-la-vittoria-di-elly-schlein\/","url":"https:\/\/www.guerini.it\/index.php\/a-sinistra-di-ferruccio-capelli-da-dove-puo-ripartire-il-pd-con-la-vittoria-di-elly-schlein\/","name":"Ferruccio Capelli e la Sinistra di Elly Schlein | Guerini Editore","isPartOf":{"@id":"https:\/\/www.guerini.it\/#website"},"primaryImageOfPage":{"@id":"https:\/\/www.guerini.it\/index.php\/a-sinistra-di-ferruccio-capelli-da-dove-puo-ripartire-il-pd-con-la-vittoria-di-elly-schlein\/#primaryimage"},"image":{"@id":"https:\/\/www.guerini.it\/index.php\/a-sinistra-di-ferruccio-capelli-da-dove-puo-ripartire-il-pd-con-la-vittoria-di-elly-schlein\/#primaryimage"},"thumbnailUrl":"https:\/\/www.guerini.it\/wp-content\/uploads\/2023\/03\/Democratici..webp","datePublished":"2023-03-01T15:41:18+00:00","dateModified":"2023-12-11T16:00:27+00:00","description":"Con il saggio \"A Sinistra\", il direttore della Casa della Cultura di Milano propone un nuovo percorso politico e sociale.","breadcrumb":{"@id":"https:\/\/www.guerini.it\/index.php\/a-sinistra-di-ferruccio-capelli-da-dove-puo-ripartire-il-pd-con-la-vittoria-di-elly-schlein\/#breadcrumb"},"inLanguage":"it-IT","potentialAction":[{"@type":"ReadAction","target":["https:\/\/www.guerini.it\/index.php\/a-sinistra-di-ferruccio-capelli-da-dove-puo-ripartire-il-pd-con-la-vittoria-di-elly-schlein\/"]}]},{"@type":"ImageObject","inLanguage":"it-IT","@id":"https:\/\/www.guerini.it\/index.php\/a-sinistra-di-ferruccio-capelli-da-dove-puo-ripartire-il-pd-con-la-vittoria-di-elly-schlein\/#primaryimage","url":"https:\/\/www.guerini.it\/wp-content\/uploads\/2023\/03\/Democratici..webp","contentUrl":"https:\/\/www.guerini.it\/wp-content\/uploads\/2023\/03\/Democratici..webp","width":1200,"height":800,"caption":"La sfida Bonaccini Schlein accende il Pd"},{"@type":"BreadcrumbList","@id":"https:\/\/www.guerini.it\/index.php\/a-sinistra-di-ferruccio-capelli-da-dove-puo-ripartire-il-pd-con-la-vittoria-di-elly-schlein\/#breadcrumb","itemListElement":[{"@type":"ListItem","position":1,"name":"Home","item":"https:\/\/www.guerini.it\/"},{"@type":"ListItem","position":2,"name":"\u201cA Sinistra\u201d di Ferruccio Capelli: da dove pu\u00f2 ripartire il PD con la vittoria di Elly Schlein"}]},{"@type":"WebSite","@id":"https:\/\/www.guerini.it\/#website","url":"https:\/\/www.guerini.it\/","name":"Guerini e Associati","description":"30 anni di libri, idee e libert\u00e0","publisher":{"@id":"https:\/\/www.guerini.it\/#organization"},"potentialAction":[{"@type":"SearchAction","target":{"@type":"EntryPoint","urlTemplate":"https:\/\/www.guerini.it\/?s={search_term_string}"},"query-input":{"@type":"PropertyValueSpecification","valueRequired":true,"valueName":"search_term_string"}}],"inLanguage":"it-IT"},{"@type":"Organization","@id":"https:\/\/www.guerini.it\/#organization","name":"Guerini e Associati","url":"https:\/\/www.guerini.it\/","logo":{"@type":"ImageObject","inLanguage":"it-IT","@id":"https:\/\/www.guerini.it\/#\/schema\/logo\/image\/","url":"https:\/\/www.guerini.it\/wp-content\/uploads\/2021\/03\/Logo-Guerini-OK_-e1615831292285.png","contentUrl":"https:\/\/www.guerini.it\/wp-content\/uploads\/2021\/03\/Logo-Guerini-OK_-e1615831292285.png","width":2805,"height":1870,"caption":"Guerini e Associati"},"image":{"@id":"https:\/\/www.guerini.it\/#\/schema\/logo\/image\/"}},{"@type":"Person","@id":"https:\/\/www.guerini.it\/#\/schema\/person\/967703dca40d9a5c3919949269184199","name":"Margherita Puzzo","image":{"@type":"ImageObject","inLanguage":"it-IT","@id":"https:\/\/www.guerini.it\/#\/schema\/person\/image\/","url":"https:\/\/secure.gravatar.com\/avatar\/b595c1c87bc9163bee8c169a924886a20ec93110555b11dd70523be37cec9612?s=96&d=mm&r=g","contentUrl":"https:\/\/secure.gravatar.com\/avatar\/b595c1c87bc9163bee8c169a924886a20ec93110555b11dd70523be37cec9612?s=96&d=mm&r=g","caption":"Margherita Puzzo"},"url":"https:\/\/www.guerini.it\/index.php\/author\/mpuzzo\/"}]}},"_links":{"self":[{"href":"https:\/\/www.guerini.it\/index.php\/wp-json\/wp\/v2\/posts\/23780","targetHints":{"allow":["GET"]}}],"collection":[{"href":"https:\/\/www.guerini.it\/index.php\/wp-json\/wp\/v2\/posts"}],"about":[{"href":"https:\/\/www.guerini.it\/index.php\/wp-json\/wp\/v2\/types\/post"}],"author":[{"embeddable":true,"href":"https:\/\/www.guerini.it\/index.php\/wp-json\/wp\/v2\/users\/13304"}],"replies":[{"embeddable":true,"href":"https:\/\/www.guerini.it\/index.php\/wp-json\/wp\/v2\/comments?post=23780"}],"version-history":[{"count":5,"href":"https:\/\/www.guerini.it\/index.php\/wp-json\/wp\/v2\/posts\/23780\/revisions"}],"predecessor-version":[{"id":24309,"href":"https:\/\/www.guerini.it\/index.php\/wp-json\/wp\/v2\/posts\/23780\/revisions\/24309"}],"wp:featuredmedia":[{"embeddable":true,"href":"https:\/\/www.guerini.it\/index.php\/wp-json\/wp\/v2\/media\/23785"}],"wp:attachment":[{"href":"https:\/\/www.guerini.it\/index.php\/wp-json\/wp\/v2\/media?parent=23780"}],"wp:term":[{"taxonomy":"category","embeddable":true,"href":"https:\/\/www.guerini.it\/index.php\/wp-json\/wp\/v2\/categories?post=23780"},{"taxonomy":"post_tag","embeddable":true,"href":"https:\/\/www.guerini.it\/index.php\/wp-json\/wp\/v2\/tags?post=23780"}],"curies":[{"name":"wp","href":"https:\/\/api.w.org\/{rel}","templated":true}]}}