{"id":24495,"date":"2024-03-25T09:27:18","date_gmt":"2024-03-25T08:27:18","guid":{"rendered":"https:\/\/www.guerini.it\/?p=24495"},"modified":"2024-03-25T09:35:06","modified_gmt":"2024-03-25T08:35:06","slug":"mediare-la-crisi-fra-generazioni","status":"publish","type":"post","link":"https:\/\/www.guerini.it\/index.php\/mediare-la-crisi-fra-generazioni\/","title":{"rendered":"Mediare la crisi fra generazioni: la sopravvivenza di Aziende e Famiglie"},"content":{"rendered":"\n<p>Le statistiche dicono che <strong>due terzi delle imprese familiari non sopravvivono alla seconda generazione<\/strong> e solo il nove per cento sopravvive alla terza. Tra quelle seguite dallo Studio di Franco Cesaro nei suoi 37 anni di attivit\u00e0, la percentuale cala all&#8217;8%, come certificato da ricerche accademiche. Il segreto per ovviare? Non smettere mai di innovare. <\/p>\n\n\n\n<h2 class=\"wp-block-heading\"><strong>La convivenza tra generazioni <\/strong><\/h2>\n\n\n\n<p>Secondo Franco Cesaro, autore di, fra gli altri, <em><a href=\"https:\/\/www.guerini.it\/index.php\/prodotto\/franco-cesaro-mi-tho-fato-mi-te-desfo-io-ti-ho-fatto-io-ti-distruggo\/\" class=\"ek-link\">Mi t&#8217;ho fato mi te desfo<\/a><\/em> e di <em><a href=\"https:\/\/www.guerini.it\/index.php\/prodotto\/l-ho-fatto-per-voi\/\" class=\"ek-link\">L&#8217;ho fatto per voi<\/a><\/em>, la soluzione sta nell&#8217;<strong>innovazione<\/strong>: partendo dalla cultura delle famiglie e dei territori in cui nascono le imprese, \u00e8 importante favorire la creativit\u00e0 degli individui. <strong>Ma come si supera il conservatorismo degli imprenditori italiani<\/strong>, disposti a far morire le aziende con loro pur di non vederle cambiare? Il titolo in dialetto veneto (trad. <em>\u201cio ti ho fatto, io ti distruggo<\/em>\u201d) ha infatti riscontro nei modi di dire di tutte le regioni italiane.<\/p>\n\n\n\n<p>Cesaro descrive un Metodo per la gestione delle PMI e la loro conduzione durante <strong>la convivenza fra generazioni<\/strong> e offre una testimonianza di come le imprese del nostro Paese possono continuare a prosperare se danno fiducia ai giovani e se sono disposte ad affrontare e <strong>superare i conflitti<\/strong>, inevitabili nelle famiglie e nelle aziende.<\/p>\n\n\n\n<h2 class=\"wp-block-heading\"><strong>La mediazione <\/strong> <\/h2>\n\n\n\n<p>Sciogliere le incomprensioni e gestire la complessit\u00e0 delle dinamiche psico-sociali, intrecciate con quelle pi\u00f9 squisitamente tecniche, economiche e organizzative, rende affascinante, nuova e produttiva un&#8217;attivit\u00e0 professionale che tende alla vita: quella del <strong>mediatore generazionale<\/strong> che sceglie di provare a salvare nello stesso tempo aziende e famiglie.<\/p>\n\n\n\n<p>\u00c8 necessario trovare il <strong>punto di incontro fra le diversit\u00e0 delle persone<\/strong> che maturano nel tempo valori radicati nel loro agire quotidiano: il modo di lavorare, il rapporto con il denaro, lo spirito imprenditoriale, il valore della famiglia e le relazioni con il territorio in cui agiscono, sono le aree in cui il mediatore interviene in modo neutrale.<\/p>\n\n\n\n<p>La ricerca degli equilibri giuridici, finanziari e fiscali per pianificare lo sviluppo dell\u2019organizzazione e una giusta successione familiare \u00e8 la concreta attivit\u00e0 del professionista che coordina un gruppo di lavoro multidisciplinare. \u00c8 un percorso che si pu\u00f2 pianificare in pace e salute, guardando con fiducia, e senso di responsabilit\u00e0, al futuro.<\/p>\n\n\n\n<figure class=\"wp-block-image aligncenter size-large is-resized\"><img loading=\"lazy\" decoding=\"async\" width=\"659\" height=\"1024\" src=\"https:\/\/www.guerini.it\/wp-content\/uploads\/2024\/03\/Front-Cover-IO-TI-HO-FATTO_-IO-TI-DISTRUGGO-659x1024.webp\" alt=\"\" class=\"wp-image-24496\" style=\"width:265px;height:auto\" srcset=\"https:\/\/www.guerini.it\/wp-content\/uploads\/2024\/03\/Front-Cover-IO-TI-HO-FATTO_-IO-TI-DISTRUGGO-659x1024.webp 659w, https:\/\/www.guerini.it\/wp-content\/uploads\/2024\/03\/Front-Cover-IO-TI-HO-FATTO_-IO-TI-DISTRUGGO-193x300.webp 193w, https:\/\/www.guerini.it\/wp-content\/uploads\/2024\/03\/Front-Cover-IO-TI-HO-FATTO_-IO-TI-DISTRUGGO-768x1194.webp 768w, https:\/\/www.guerini.it\/wp-content\/uploads\/2024\/03\/Front-Cover-IO-TI-HO-FATTO_-IO-TI-DISTRUGGO-988x1536.webp 988w, https:\/\/www.guerini.it\/wp-content\/uploads\/2024\/03\/Front-Cover-IO-TI-HO-FATTO_-IO-TI-DISTRUGGO-1318x2048.webp 1318w, https:\/\/www.guerini.it\/wp-content\/uploads\/2024\/03\/Front-Cover-IO-TI-HO-FATTO_-IO-TI-DISTRUGGO-300x466.webp 300w, https:\/\/www.guerini.it\/wp-content\/uploads\/2024\/03\/Front-Cover-IO-TI-HO-FATTO_-IO-TI-DISTRUGGO-600x933.webp 600w, https:\/\/www.guerini.it\/wp-content\/uploads\/2024\/03\/Front-Cover-IO-TI-HO-FATTO_-IO-TI-DISTRUGGO-64x99.webp 64w, https:\/\/www.guerini.it\/wp-content\/uploads\/2024\/03\/Front-Cover-IO-TI-HO-FATTO_-IO-TI-DISTRUGGO-scaled.webp 1647w\" sizes=\"auto, (max-width: 659px) 100vw, 659px\" \/><figcaption class=\"wp-element-caption\"><em>Mi t&#8217;ho fato mi te desfo. Atti creativi per la sopravvivenza di aziende e famiglie<\/em>, di Franco Cesaro, Guerini Next, 2024<\/figcaption><\/figure>\n\n\n\n<p><em>\u201cOgni volta che accompagno una di queste imprese a un qualsiasi risultato positivo e disegniamo assieme scenari futuri, sento che in quell&#8217;aprile del 1974, alla morte di mio padre, mi sbagliavo: nulla \u00e8 mai veramente finito<\/em>.\u201d (Franco Cesaro)<\/p>\n\n\n\n<figure class=\"wp-block-image aligncenter size-full is-resized\"><img loading=\"lazy\" decoding=\"async\" width=\"232\" height=\"353\" src=\"https:\/\/www.guerini.it\/wp-content\/uploads\/2016\/01\/l_ho_fatto_per_voi_sito.jpg\" alt=\"L'ho fatto per voi\" class=\"wp-image-15661\" style=\"width:229px;height:auto\" srcset=\"https:\/\/www.guerini.it\/wp-content\/uploads\/2016\/01\/l_ho_fatto_per_voi_sito.jpg 232w, https:\/\/www.guerini.it\/wp-content\/uploads\/2016\/01\/l_ho_fatto_per_voi_sito-197x300.jpg 197w\" sizes=\"auto, (max-width: 232px) 100vw, 232px\" \/><figcaption class=\"wp-element-caption\"><em>L&#8217;ho fatto per voi. La convivenza fra generazioni nell&#8217;impresa di famiglia<\/em>, di Franco Cesaro, Guerini Next, 2015<\/figcaption><\/figure>\n\n\n\n<h2 class=\"wp-block-heading\">L&#8217;autore<\/h2>\n\n\n\n<p><strong>Franco Cesaro <\/strong>\u00e8 fondatore e titolare della <a href=\"https:\/\/www.cesaroeassociati.it\/it\/\" class=\"ek-link\">Cesaro&amp;Associati<\/a>, la cui specializzazione \u00e8 coniugare i valori e le dinamiche dell\u2019impresa e della famiglia. La centralit\u00e0 dei suoi studi \u00e8 <strong>la persona <\/strong>che, per crescere, sceglie di <strong>investire sulla cultura<\/strong> come presupposto per la sua autonomia, lo sviluppo del talento e la soluzione dei problemi. Dal 2003 \u00e8 stato docente presso l\u2019Universit\u00e0 degli Studi di Verona e, dal 2009, di Milano.<\/p>\n","protected":false},"excerpt":{"rendered":"<p>Le statistiche dicono che due terzi delle imprese familiari non sopravvivono alla seconda generazione e solo il nove per cento sopravvive alla terza. Tra quelle seguite dallo Studio di Franco [&hellip;]<\/p>\n","protected":false},"author":13303,"featured_media":24496,"comment_status":"open","ping_status":"open","sticky":false,"template":"","format":"standard","meta":{"_editorskit_title_hidden":false,"_editorskit_reading_time":0,"_editorskit_is_block_options_detached":false,"_editorskit_block_options_position":"{}","_monsterinsights_skip_tracking":false,"_monsterinsights_sitenote_active":false,"_monsterinsights_sitenote_note":"","_monsterinsights_sitenote_category":0,"footnotes":""},"categories":[121,11509],"tags":[11576,11578],"class_list":["post-24495","post","type-post","status-publish","format-standard","has-post-thumbnail","hentry","category-economia","category-impresa","tag-impresa-2","tag-impresaitaliana"],"yoast_head":"<!-- This site is optimized with the Yoast SEO plugin v25.4 - https:\/\/yoast.com\/wordpress\/plugins\/seo\/ -->\n<title>Sopravvivenza delle imprese familiari - Guerini Editore<\/title>\n<meta name=\"description\" content=\"Qual \u00e8 il segreto per la sopravvivenza delle imprese familiari italiane? Secondo Franco Cesaro, non smettere mai di innovare.\" \/>\n<meta name=\"robots\" content=\"index, follow, max-snippet:-1, max-image-preview:large, max-video-preview:-1\" \/>\n<link rel=\"canonical\" href=\"https:\/\/www.guerini.it\/index.php\/mediare-la-crisi-fra-generazioni\/\" \/>\n<meta property=\"og:locale\" content=\"it_IT\" \/>\n<meta property=\"og:type\" content=\"article\" \/>\n<meta property=\"og:title\" content=\"Sopravvivenza delle imprese familiari - Guerini Editore\" \/>\n<meta property=\"og:description\" content=\"Qual \u00e8 il segreto per la sopravvivenza delle imprese familiari italiane? Secondo Franco Cesaro, non smettere mai di innovare.\" \/>\n<meta property=\"og:url\" content=\"https:\/\/www.guerini.it\/index.php\/mediare-la-crisi-fra-generazioni\/\" \/>\n<meta property=\"og:site_name\" content=\"Guerini e Associati\" \/>\n<meta property=\"article:published_time\" content=\"2024-03-25T08:27:18+00:00\" \/>\n<meta property=\"article:modified_time\" content=\"2024-03-25T08:35:06+00:00\" \/>\n<meta property=\"og:image\" content=\"https:\/\/www.guerini.it\/wp-content\/uploads\/2024\/03\/Front-Cover-IO-TI-HO-FATTO_-IO-TI-DISTRUGGO-scaled.webp\" \/>\n\t<meta property=\"og:image:width\" content=\"1647\" \/>\n\t<meta property=\"og:image:height\" content=\"2560\" \/>\n\t<meta property=\"og:image:type\" content=\"image\/webp\" \/>\n<meta name=\"author\" content=\"Guerini Amministrazione\" \/>\n<meta name=\"twitter:card\" content=\"summary_large_image\" \/>\n<meta name=\"twitter:label1\" content=\"Scritto da\" \/>\n\t<meta name=\"twitter:data1\" content=\"Guerini Amministrazione\" \/>\n\t<meta name=\"twitter:label2\" content=\"Tempo di lettura stimato\" \/>\n\t<meta name=\"twitter:data2\" content=\"4 minuti\" \/>\n<!-- \/ Yoast SEO plugin. -->","yoast_head_json":{"title":"Sopravvivenza delle imprese familiari - Guerini Editore","description":"Qual \u00e8 il segreto per la sopravvivenza delle imprese familiari italiane? Secondo Franco Cesaro, non smettere mai di innovare.","robots":{"index":"index","follow":"follow","max-snippet":"max-snippet:-1","max-image-preview":"max-image-preview:large","max-video-preview":"max-video-preview:-1"},"canonical":"https:\/\/www.guerini.it\/index.php\/mediare-la-crisi-fra-generazioni\/","og_locale":"it_IT","og_type":"article","og_title":"Sopravvivenza delle imprese familiari - Guerini Editore","og_description":"Qual \u00e8 il segreto per la sopravvivenza delle imprese familiari italiane? Secondo Franco Cesaro, non smettere mai di innovare.","og_url":"https:\/\/www.guerini.it\/index.php\/mediare-la-crisi-fra-generazioni\/","og_site_name":"Guerini e Associati","article_published_time":"2024-03-25T08:27:18+00:00","article_modified_time":"2024-03-25T08:35:06+00:00","og_image":[{"width":1647,"height":2560,"url":"https:\/\/www.guerini.it\/wp-content\/uploads\/2024\/03\/Front-Cover-IO-TI-HO-FATTO_-IO-TI-DISTRUGGO-scaled.webp","type":"image\/webp"}],"author":"Guerini Amministrazione","twitter_card":"summary_large_image","twitter_misc":{"Scritto da":"Guerini Amministrazione","Tempo di lettura stimato":"4 minuti"},"schema":{"@context":"https:\/\/schema.org","@graph":[{"@type":"Article","@id":"https:\/\/www.guerini.it\/index.php\/mediare-la-crisi-fra-generazioni\/#article","isPartOf":{"@id":"https:\/\/www.guerini.it\/index.php\/mediare-la-crisi-fra-generazioni\/"},"author":{"name":"Guerini Amministrazione","@id":"https:\/\/www.guerini.it\/#\/schema\/person\/1eb0a90f978cc12038afcf4faf531079"},"headline":"Mediare la crisi fra generazioni: la sopravvivenza di Aziende e Famiglie","datePublished":"2024-03-25T08:27:18+00:00","dateModified":"2024-03-25T08:35:06+00:00","mainEntityOfPage":{"@id":"https:\/\/www.guerini.it\/index.php\/mediare-la-crisi-fra-generazioni\/"},"wordCount":517,"commentCount":0,"publisher":{"@id":"https:\/\/www.guerini.it\/#organization"},"image":{"@id":"https:\/\/www.guerini.it\/index.php\/mediare-la-crisi-fra-generazioni\/#primaryimage"},"thumbnailUrl":"https:\/\/www.guerini.it\/wp-content\/uploads\/2024\/03\/Front-Cover-IO-TI-HO-FATTO_-IO-TI-DISTRUGGO-scaled.webp","keywords":["#impresa","#impresaitaliana"],"articleSection":["Economia","Impresa"],"inLanguage":"it-IT","potentialAction":[{"@type":"CommentAction","name":"Comment","target":["https:\/\/www.guerini.it\/index.php\/mediare-la-crisi-fra-generazioni\/#respond"]}]},{"@type":"WebPage","@id":"https:\/\/www.guerini.it\/index.php\/mediare-la-crisi-fra-generazioni\/","url":"https:\/\/www.guerini.it\/index.php\/mediare-la-crisi-fra-generazioni\/","name":"Sopravvivenza delle imprese familiari - Guerini Editore","isPartOf":{"@id":"https:\/\/www.guerini.it\/#website"},"primaryImageOfPage":{"@id":"https:\/\/www.guerini.it\/index.php\/mediare-la-crisi-fra-generazioni\/#primaryimage"},"image":{"@id":"https:\/\/www.guerini.it\/index.php\/mediare-la-crisi-fra-generazioni\/#primaryimage"},"thumbnailUrl":"https:\/\/www.guerini.it\/wp-content\/uploads\/2024\/03\/Front-Cover-IO-TI-HO-FATTO_-IO-TI-DISTRUGGO-scaled.webp","datePublished":"2024-03-25T08:27:18+00:00","dateModified":"2024-03-25T08:35:06+00:00","description":"Qual \u00e8 il segreto per la sopravvivenza delle imprese familiari italiane? Secondo Franco Cesaro, non smettere mai di innovare.","breadcrumb":{"@id":"https:\/\/www.guerini.it\/index.php\/mediare-la-crisi-fra-generazioni\/#breadcrumb"},"inLanguage":"it-IT","potentialAction":[{"@type":"ReadAction","target":["https:\/\/www.guerini.it\/index.php\/mediare-la-crisi-fra-generazioni\/"]}]},{"@type":"ImageObject","inLanguage":"it-IT","@id":"https:\/\/www.guerini.it\/index.php\/mediare-la-crisi-fra-generazioni\/#primaryimage","url":"https:\/\/www.guerini.it\/wp-content\/uploads\/2024\/03\/Front-Cover-IO-TI-HO-FATTO_-IO-TI-DISTRUGGO-scaled.webp","contentUrl":"https:\/\/www.guerini.it\/wp-content\/uploads\/2024\/03\/Front-Cover-IO-TI-HO-FATTO_-IO-TI-DISTRUGGO-scaled.webp","width":1647,"height":2560,"caption":"cover di: Franco Cesaro, Mi t'ho fato mi te desfo, Guerini Next 2024"},{"@type":"BreadcrumbList","@id":"https:\/\/www.guerini.it\/index.php\/mediare-la-crisi-fra-generazioni\/#breadcrumb","itemListElement":[{"@type":"ListItem","position":1,"name":"Home","item":"https:\/\/www.guerini.it\/"},{"@type":"ListItem","position":2,"name":"Mediare la crisi fra generazioni: la sopravvivenza di Aziende e Famiglie"}]},{"@type":"WebSite","@id":"https:\/\/www.guerini.it\/#website","url":"https:\/\/www.guerini.it\/","name":"Guerini e Associati","description":"30 anni di libri, idee e libert\u00e0","publisher":{"@id":"https:\/\/www.guerini.it\/#organization"},"potentialAction":[{"@type":"SearchAction","target":{"@type":"EntryPoint","urlTemplate":"https:\/\/www.guerini.it\/?s={search_term_string}"},"query-input":{"@type":"PropertyValueSpecification","valueRequired":true,"valueName":"search_term_string"}}],"inLanguage":"it-IT"},{"@type":"Organization","@id":"https:\/\/www.guerini.it\/#organization","name":"Guerini e Associati","url":"https:\/\/www.guerini.it\/","logo":{"@type":"ImageObject","inLanguage":"it-IT","@id":"https:\/\/www.guerini.it\/#\/schema\/logo\/image\/","url":"https:\/\/www.guerini.it\/wp-content\/uploads\/2021\/03\/Logo-Guerini-OK_-e1615831292285.png","contentUrl":"https:\/\/www.guerini.it\/wp-content\/uploads\/2021\/03\/Logo-Guerini-OK_-e1615831292285.png","width":2805,"height":1870,"caption":"Guerini e Associati"},"image":{"@id":"https:\/\/www.guerini.it\/#\/schema\/logo\/image\/"}},{"@type":"Person","@id":"https:\/\/www.guerini.it\/#\/schema\/person\/1eb0a90f978cc12038afcf4faf531079","name":"Guerini Amministrazione","image":{"@type":"ImageObject","inLanguage":"it-IT","@id":"https:\/\/www.guerini.it\/#\/schema\/person\/image\/","url":"https:\/\/secure.gravatar.com\/avatar\/d202c2cfd511eafa0b29ecc7ec2a4347d5b6fab347be515347ce5b392737ca4d?s=96&d=mm&r=g","contentUrl":"https:\/\/secure.gravatar.com\/avatar\/d202c2cfd511eafa0b29ecc7ec2a4347d5b6fab347be515347ce5b392737ca4d?s=96&d=mm&r=g","caption":"Guerini Amministrazione"},"url":"https:\/\/www.guerini.it\/index.php\/author\/gueriniadmin\/"}]}},"_links":{"self":[{"href":"https:\/\/www.guerini.it\/index.php\/wp-json\/wp\/v2\/posts\/24495","targetHints":{"allow":["GET"]}}],"collection":[{"href":"https:\/\/www.guerini.it\/index.php\/wp-json\/wp\/v2\/posts"}],"about":[{"href":"https:\/\/www.guerini.it\/index.php\/wp-json\/wp\/v2\/types\/post"}],"author":[{"embeddable":true,"href":"https:\/\/www.guerini.it\/index.php\/wp-json\/wp\/v2\/users\/13303"}],"replies":[{"embeddable":true,"href":"https:\/\/www.guerini.it\/index.php\/wp-json\/wp\/v2\/comments?post=24495"}],"version-history":[{"count":5,"href":"https:\/\/www.guerini.it\/index.php\/wp-json\/wp\/v2\/posts\/24495\/revisions"}],"predecessor-version":[{"id":24558,"href":"https:\/\/www.guerini.it\/index.php\/wp-json\/wp\/v2\/posts\/24495\/revisions\/24558"}],"wp:featuredmedia":[{"embeddable":true,"href":"https:\/\/www.guerini.it\/index.php\/wp-json\/wp\/v2\/media\/24496"}],"wp:attachment":[{"href":"https:\/\/www.guerini.it\/index.php\/wp-json\/wp\/v2\/media?parent=24495"}],"wp:term":[{"taxonomy":"category","embeddable":true,"href":"https:\/\/www.guerini.it\/index.php\/wp-json\/wp\/v2\/categories?post=24495"},{"taxonomy":"post_tag","embeddable":true,"href":"https:\/\/www.guerini.it\/index.php\/wp-json\/wp\/v2\/tags?post=24495"}],"curies":[{"name":"wp","href":"https:\/\/api.w.org\/{rel}","templated":true}]}}