{"id":24654,"date":"2024-05-16T09:58:22","date_gmt":"2024-05-16T07:58:22","guid":{"rendered":"https:\/\/www.guerini.it\/?p=24654"},"modified":"2024-05-16T09:58:26","modified_gmt":"2024-05-16T07:58:26","slug":"giovanni-cominelli-un-nuovo-68","status":"publish","type":"post","link":"https:\/\/www.guerini.it\/index.php\/giovanni-cominelli-un-nuovo-68\/","title":{"rendered":"GIOVANNI COMINELLI: UN NUOVO \u201968?"},"content":{"rendered":"\n<p>Centinaia di campus americani, universit\u00e0 in Francia, Italia, Inghilterra, e ancora in Kuwait, Giordania, India, Giappone, sono stati occupati dagli studenti sotto l\u2019univoco coro di \u201c<em>Free Palestine<\/em>\u201d. &nbsp;<\/p>\n\n\n\n<p>In un articolo pubblicato su <a href=\"https:\/\/www.politicainsieme.com\/\" class=\"ek-link\">Politica Insieme<\/a>, Giovanni Cominelli, autore, tra gli altri, di <em><a href=\"https:\/\/www.guerini.it\/index.php\/prodotto\/che-fine-ha-fatto-il-68\/\" class=\"ek-link\">Che fine ha fatto il \u201968<\/a> <\/em>e <a href=\"https:\/\/www.guerini.it\/index.php\/prodotto\/la-caduta-del-vento-leggero\/\" class=\"ek-link\"><em>La caduta del vento leggero<\/em>. <em>Autobiografia di una generazione che voleva cambiare il mondo<\/em><\/a>, editi da Guerini e Associati, si pone il quesito sulla possibile analogia tra le proteste studentesche del \u201968 e quelle a cui stiamo assistendo oggi, nel 2024.<\/p>\n\n\n\n<p>Si d\u00e0 anche una risposta, che suona come segue: \u201cIl firmamento che incombe su questo <em>\u201968 del 2024<\/em> \u00e8 illuminato dalle stesse stelle, ma \u00e8 luce di stelle morte. L\u2019Et\u00e0 dello Spirito, prevista da Gioachino da Fiore, non \u00e8 arrivata\u201d.<\/p>\n\n\n\n<p>Se il motore trainante dei sessantottini era tanto la rivendicazione di spazi generazionali di libert\u00e0 e di consumi dentro la societ\u00e0 opulenta, quanto la rivolta morale contro le ingiustizie mondiali, oggi \u00e8 un mondo, ancora colmo di ingiustizie e diseguaglianze, che viene traguardato attraverso il prisma a tre facce, \u201cmaledettamente semplice e deformante\u201d, dell\u2019ideologia <em>woke<\/em>\/<em>cancel culture<\/em>\/<em>politically correct<\/em>.<\/p>\n\n\n\n<p>Ne consegue un\u2019unica soluzione fortemente errata: \u201cSe l\u2019imperativo categorico morale ci impone di abolire il Male, allora distruggiamo il passato storico, che \u00e8 il Male, e perci\u00f2 facciamo tabula rasa dell\u2019Occidente capitalista, colonialista, sfruttatore, dominatore e manipolatore\u201d. Si traduce nelle realt\u00e0 accademiche con la rinuncia, spiega Gilles Keppel, al primato del sapere in nome della democratizzazione e dell\u2019internazionalizzazione.<\/p>\n\n\n\n<p>Sul tema della caduta del sapere l\u2019autore riassume: \u201cIl sapere \u00e8 diventato opinione\u201d.<\/p>\n\n\n\n<p>Le considerazioni complete di Giovanni Cominelli sull\u2019argomento al seguente link:<\/p>\n\n\n\n<figure class=\"wp-block-embed is-type-wp-embed is-provider-politica-insieme wp-block-embed-politica-insieme\"><div class=\"wp-block-embed__wrapper\">\n<blockquote class=\"wp-embedded-content\" data-secret=\"4w5PIeoC3z\"><a href=\"https:\/\/www.politicainsieme.com\/dal-68-al-2024-una-nuova-era-di-proteste-studentesche-di-giovanni-cominelli\/\">Dal \u201968 al 2024, una nuova era di proteste studentesche? &#8211; di Giovanni Cominelli<\/a><\/blockquote><iframe loading=\"lazy\" class=\"wp-embedded-content\" sandbox=\"allow-scripts\" security=\"restricted\" style=\"position: absolute; clip: rect(1px, 1px, 1px, 1px);\" title=\"&#8220;Dal \u201968 al 2024, una nuova era di proteste studentesche? &#8211; di Giovanni Cominelli&#8221; &#8212; Politica Insieme\" src=\"https:\/\/www.politicainsieme.com\/dal-68-al-2024-una-nuova-era-di-proteste-studentesche-di-giovanni-cominelli\/embed\/#?secret=PHjEcwauEH#?secret=4w5PIeoC3z\" data-secret=\"4w5PIeoC3z\" width=\"600\" height=\"338\" frameborder=\"0\" marginwidth=\"0\" marginheight=\"0\" scrolling=\"no\"><\/iframe>\n<\/div><\/figure>\n","protected":false},"excerpt":{"rendered":"<p>Centinaia di campus americani, universit\u00e0 in Francia, Italia, Inghilterra, e ancora in Kuwait, Giordania, India, Giappone, sono stati occupati dagli studenti sotto l\u2019univoco coro di \u201cFree Palestine\u201d. &nbsp; In un [&hellip;]<\/p>\n","protected":false},"author":13303,"featured_media":24656,"comment_status":"open","ping_status":"open","sticky":false,"template":"","format":"standard","meta":{"_editorskit_title_hidden":false,"_editorskit_reading_time":0,"_editorskit_is_block_options_detached":false,"_editorskit_block_options_position":"{}","_monsterinsights_skip_tracking":false,"_monsterinsights_sitenote_active":false,"_monsterinsights_sitenote_note":"","_monsterinsights_sitenote_category":0,"footnotes":""},"categories":[83,114,8110],"tags":[11699,11698,11700,111],"class_list":["post-24654","post","type-post","status-publish","format-standard","has-post-thumbnail","hentry","category-attualita","category-dialogo-culture-e-religioni","category-storia-e-geopolitica","tag-israele","tag-palestina","tag-proteste-studentesche","tag-sessantotto"],"yoast_head":"<!-- This site is optimized with the Yoast SEO plugin v25.4 - https:\/\/yoast.com\/wordpress\/plugins\/seo\/ -->\n<title>Giovanni Cominelli, un nuovo \u201968?, Guerini Editore<\/title>\n<meta name=\"description\" content=\"Giovanni Cominelli si pone il quesito sulla possibile analogia tra le proteste studentesche del \u201968 e quelle &quot;Free Palestine&quot; del 2024.\" \/>\n<meta name=\"robots\" content=\"index, follow, max-snippet:-1, max-image-preview:large, max-video-preview:-1\" \/>\n<link rel=\"canonical\" href=\"https:\/\/www.guerini.it\/index.php\/giovanni-cominelli-un-nuovo-68\/\" \/>\n<meta property=\"og:locale\" content=\"it_IT\" \/>\n<meta property=\"og:type\" content=\"article\" \/>\n<meta property=\"og:title\" content=\"Giovanni Cominelli, un nuovo \u201968?, Guerini Editore\" \/>\n<meta property=\"og:description\" content=\"Giovanni Cominelli si pone il quesito sulla possibile analogia tra le proteste studentesche del \u201968 e quelle &quot;Free Palestine&quot; del 2024.\" \/>\n<meta property=\"og:url\" content=\"https:\/\/www.guerini.it\/index.php\/giovanni-cominelli-un-nuovo-68\/\" \/>\n<meta property=\"og:site_name\" content=\"Guerini e Associati\" \/>\n<meta property=\"article:published_time\" content=\"2024-05-16T07:58:22+00:00\" \/>\n<meta property=\"article:modified_time\" content=\"2024-05-16T07:58:26+00:00\" \/>\n<meta property=\"og:image\" content=\"https:\/\/www.guerini.it\/wp-content\/uploads\/2024\/05\/CHE-FINE-HA-FATTO-IL-68-9788862507226.webp\" \/>\n\t<meta property=\"og:image:width\" content=\"644\" \/>\n\t<meta property=\"og:image:height\" content=\"1000\" \/>\n\t<meta property=\"og:image:type\" content=\"image\/webp\" \/>\n<meta name=\"author\" content=\"Guerini Amministrazione\" \/>\n<meta name=\"twitter:card\" content=\"summary_large_image\" \/>\n<meta name=\"twitter:label1\" content=\"Scritto da\" \/>\n\t<meta name=\"twitter:data1\" content=\"Guerini Amministrazione\" \/>\n\t<meta name=\"twitter:label2\" content=\"Tempo di lettura stimato\" \/>\n\t<meta name=\"twitter:data2\" content=\"2 minuti\" \/>\n<!-- \/ Yoast SEO plugin. -->","yoast_head_json":{"title":"Giovanni Cominelli, un nuovo \u201968?, Guerini Editore","description":"Giovanni Cominelli si pone il quesito sulla possibile analogia tra le proteste studentesche del \u201968 e quelle \"Free Palestine\" del 2024.","robots":{"index":"index","follow":"follow","max-snippet":"max-snippet:-1","max-image-preview":"max-image-preview:large","max-video-preview":"max-video-preview:-1"},"canonical":"https:\/\/www.guerini.it\/index.php\/giovanni-cominelli-un-nuovo-68\/","og_locale":"it_IT","og_type":"article","og_title":"Giovanni Cominelli, un nuovo \u201968?, Guerini Editore","og_description":"Giovanni Cominelli si pone il quesito sulla possibile analogia tra le proteste studentesche del \u201968 e quelle \"Free Palestine\" del 2024.","og_url":"https:\/\/www.guerini.it\/index.php\/giovanni-cominelli-un-nuovo-68\/","og_site_name":"Guerini e Associati","article_published_time":"2024-05-16T07:58:22+00:00","article_modified_time":"2024-05-16T07:58:26+00:00","og_image":[{"width":644,"height":1000,"url":"https:\/\/www.guerini.it\/wp-content\/uploads\/2024\/05\/CHE-FINE-HA-FATTO-IL-68-9788862507226.webp","type":"image\/webp"}],"author":"Guerini Amministrazione","twitter_card":"summary_large_image","twitter_misc":{"Scritto da":"Guerini Amministrazione","Tempo di lettura stimato":"2 minuti"},"schema":{"@context":"https:\/\/schema.org","@graph":[{"@type":"Article","@id":"https:\/\/www.guerini.it\/index.php\/giovanni-cominelli-un-nuovo-68\/#article","isPartOf":{"@id":"https:\/\/www.guerini.it\/index.php\/giovanni-cominelli-un-nuovo-68\/"},"author":{"name":"Guerini Amministrazione","@id":"https:\/\/www.guerini.it\/#\/schema\/person\/1eb0a90f978cc12038afcf4faf531079"},"headline":"GIOVANNI COMINELLI: UN NUOVO \u201968?","datePublished":"2024-05-16T07:58:22+00:00","dateModified":"2024-05-16T07:58:26+00:00","mainEntityOfPage":{"@id":"https:\/\/www.guerini.it\/index.php\/giovanni-cominelli-un-nuovo-68\/"},"wordCount":279,"commentCount":0,"publisher":{"@id":"https:\/\/www.guerini.it\/#organization"},"image":{"@id":"https:\/\/www.guerini.it\/index.php\/giovanni-cominelli-un-nuovo-68\/#primaryimage"},"thumbnailUrl":"https:\/\/www.guerini.it\/wp-content\/uploads\/2024\/05\/CHE-FINE-HA-FATTO-IL-68-9788862507226.webp","keywords":["Israele","Palestina","Proteste studentesche","sessantotto"],"articleSection":["Attualit\u00e0","Dialogo, culture e religioni","Storia e Geopolitica"],"inLanguage":"it-IT","potentialAction":[{"@type":"CommentAction","name":"Comment","target":["https:\/\/www.guerini.it\/index.php\/giovanni-cominelli-un-nuovo-68\/#respond"]}]},{"@type":"WebPage","@id":"https:\/\/www.guerini.it\/index.php\/giovanni-cominelli-un-nuovo-68\/","url":"https:\/\/www.guerini.it\/index.php\/giovanni-cominelli-un-nuovo-68\/","name":"Giovanni Cominelli, un nuovo \u201968?, Guerini Editore","isPartOf":{"@id":"https:\/\/www.guerini.it\/#website"},"primaryImageOfPage":{"@id":"https:\/\/www.guerini.it\/index.php\/giovanni-cominelli-un-nuovo-68\/#primaryimage"},"image":{"@id":"https:\/\/www.guerini.it\/index.php\/giovanni-cominelli-un-nuovo-68\/#primaryimage"},"thumbnailUrl":"https:\/\/www.guerini.it\/wp-content\/uploads\/2024\/05\/CHE-FINE-HA-FATTO-IL-68-9788862507226.webp","datePublished":"2024-05-16T07:58:22+00:00","dateModified":"2024-05-16T07:58:26+00:00","description":"Giovanni Cominelli si pone il quesito sulla possibile analogia tra le proteste studentesche del \u201968 e quelle \"Free Palestine\" del 2024.","breadcrumb":{"@id":"https:\/\/www.guerini.it\/index.php\/giovanni-cominelli-un-nuovo-68\/#breadcrumb"},"inLanguage":"it-IT","potentialAction":[{"@type":"ReadAction","target":["https:\/\/www.guerini.it\/index.php\/giovanni-cominelli-un-nuovo-68\/"]}]},{"@type":"ImageObject","inLanguage":"it-IT","@id":"https:\/\/www.guerini.it\/index.php\/giovanni-cominelli-un-nuovo-68\/#primaryimage","url":"https:\/\/www.guerini.it\/wp-content\/uploads\/2024\/05\/CHE-FINE-HA-FATTO-IL-68-9788862507226.webp","contentUrl":"https:\/\/www.guerini.it\/wp-content\/uploads\/2024\/05\/CHE-FINE-HA-FATTO-IL-68-9788862507226.webp","width":644,"height":1000,"caption":"Che fine ha fatto il 68'?, Giovanni Cominelli, Guerini e Associati"},{"@type":"BreadcrumbList","@id":"https:\/\/www.guerini.it\/index.php\/giovanni-cominelli-un-nuovo-68\/#breadcrumb","itemListElement":[{"@type":"ListItem","position":1,"name":"Home","item":"https:\/\/www.guerini.it\/"},{"@type":"ListItem","position":2,"name":"GIOVANNI COMINELLI: UN NUOVO \u201968?"}]},{"@type":"WebSite","@id":"https:\/\/www.guerini.it\/#website","url":"https:\/\/www.guerini.it\/","name":"Guerini e Associati","description":"30 anni di libri, idee e libert\u00e0","publisher":{"@id":"https:\/\/www.guerini.it\/#organization"},"potentialAction":[{"@type":"SearchAction","target":{"@type":"EntryPoint","urlTemplate":"https:\/\/www.guerini.it\/?s={search_term_string}"},"query-input":{"@type":"PropertyValueSpecification","valueRequired":true,"valueName":"search_term_string"}}],"inLanguage":"it-IT"},{"@type":"Organization","@id":"https:\/\/www.guerini.it\/#organization","name":"Guerini e Associati","url":"https:\/\/www.guerini.it\/","logo":{"@type":"ImageObject","inLanguage":"it-IT","@id":"https:\/\/www.guerini.it\/#\/schema\/logo\/image\/","url":"https:\/\/www.guerini.it\/wp-content\/uploads\/2021\/03\/Logo-Guerini-OK_-e1615831292285.png","contentUrl":"https:\/\/www.guerini.it\/wp-content\/uploads\/2021\/03\/Logo-Guerini-OK_-e1615831292285.png","width":2805,"height":1870,"caption":"Guerini e Associati"},"image":{"@id":"https:\/\/www.guerini.it\/#\/schema\/logo\/image\/"}},{"@type":"Person","@id":"https:\/\/www.guerini.it\/#\/schema\/person\/1eb0a90f978cc12038afcf4faf531079","name":"Guerini Amministrazione","image":{"@type":"ImageObject","inLanguage":"it-IT","@id":"https:\/\/www.guerini.it\/#\/schema\/person\/image\/","url":"https:\/\/secure.gravatar.com\/avatar\/d202c2cfd511eafa0b29ecc7ec2a4347d5b6fab347be515347ce5b392737ca4d?s=96&d=mm&r=g","contentUrl":"https:\/\/secure.gravatar.com\/avatar\/d202c2cfd511eafa0b29ecc7ec2a4347d5b6fab347be515347ce5b392737ca4d?s=96&d=mm&r=g","caption":"Guerini Amministrazione"},"url":"https:\/\/www.guerini.it\/index.php\/author\/gueriniadmin\/"}]}},"_links":{"self":[{"href":"https:\/\/www.guerini.it\/index.php\/wp-json\/wp\/v2\/posts\/24654","targetHints":{"allow":["GET"]}}],"collection":[{"href":"https:\/\/www.guerini.it\/index.php\/wp-json\/wp\/v2\/posts"}],"about":[{"href":"https:\/\/www.guerini.it\/index.php\/wp-json\/wp\/v2\/types\/post"}],"author":[{"embeddable":true,"href":"https:\/\/www.guerini.it\/index.php\/wp-json\/wp\/v2\/users\/13303"}],"replies":[{"embeddable":true,"href":"https:\/\/www.guerini.it\/index.php\/wp-json\/wp\/v2\/comments?post=24654"}],"version-history":[{"count":2,"href":"https:\/\/www.guerini.it\/index.php\/wp-json\/wp\/v2\/posts\/24654\/revisions"}],"predecessor-version":[{"id":24657,"href":"https:\/\/www.guerini.it\/index.php\/wp-json\/wp\/v2\/posts\/24654\/revisions\/24657"}],"wp:featuredmedia":[{"embeddable":true,"href":"https:\/\/www.guerini.it\/index.php\/wp-json\/wp\/v2\/media\/24656"}],"wp:attachment":[{"href":"https:\/\/www.guerini.it\/index.php\/wp-json\/wp\/v2\/media?parent=24654"}],"wp:term":[{"taxonomy":"category","embeddable":true,"href":"https:\/\/www.guerini.it\/index.php\/wp-json\/wp\/v2\/categories?post=24654"},{"taxonomy":"post_tag","embeddable":true,"href":"https:\/\/www.guerini.it\/index.php\/wp-json\/wp\/v2\/tags?post=24654"}],"curies":[{"name":"wp","href":"https:\/\/api.w.org\/{rel}","templated":true}]}}