{"id":742,"date":"2018-05-24T15:42:41","date_gmt":"2018-05-24T13:42:41","guid":{"rendered":"https:\/\/guerini.it\/cms\/?p=485"},"modified":"2018-05-24T15:42:41","modified_gmt":"2018-05-24T13:42:41","slug":"otto-scharmer-per-la-prima-volta-in-italia","status":"publish","type":"post","link":"https:\/\/www.guerini.it\/index.php\/otto-scharmer-per-la-prima-volta-in-italia\/","title":{"rendered":"Otto Scharmer per la prima volta in Italia!"},"content":{"rendered":"<h4>Un incontro con uno dei pi\u00f9 innovativi studiosi di gestione del cambiamento, docente del MIT di Boston, fondatore del Presencing Institute e ideatore della Teoria U.<!--more--><\/h4>\n<p><strong>QUANDO E DOVE<\/strong><\/p>\n<p>Marted\u00ec 19 giugno, dalle 9.00 alle 18.00, presso lo Spazio MIL (Via Luigi Granelli, 1, Sesto San Giovanni MI).<\/p>\n<p><strong>PER CHI<\/strong><\/p>\n<p>Questo \u00e8 il primo incontro di un programma dedicato a tutti coloro che, in Italia, sono curiosi, stanno lavorando, o vorrebbero iniziare a farlo, a nuovi modelli di Business, Finanza, Pubblica Amministrazione, Agricoltura, Salute, Educazione. In particolare \u00e8 un invito ai giovani, agli attori del cambiamento e ai decisori che vogliono entrare in dialogo sui temi che li impegnano, per cercare insieme di superare le sfide che incontrano, applicando la Teoria Y, un approccio innovativo alla trasformazione.<\/p>\n<p><strong>TEORIA U, I FONDAMENTALI<\/strong><\/p>\n<p>Un modello che promuove un ascolto profondo e una comunicazione autentica per sostenere e rendere possibile l\u2019apprendimento continuo e l\u2019azione.<\/p>\n<p>Nata all\u2019interno del prestigioso MIT di Boston, questa teoria sviluppata da Otto Scharmer, \u00e8 ora diffusa in tutto il mondo grazie all\u2019opera di alcuni tra i pi\u00f9 grandi esperti di management, leadership e innovazione.<br \/>\nLa Teoria U \u00e8 attualmente considerata la pi\u00f9 completa e innovativa metodologia di trasformazione sociale in grado di per sviluppare responsabilit\u00e0 e autonomia, liberare creativit\u00e0, potenziare autorevolezza personale e di gruppo, attivare progetti sostenibili ed esplorare il proprio futuro personale e organizzativo.<\/p>\n<p><a href=\"https:\/\/www.cominciamo.org\/il-libro.html\">Per saperne di pi\u00f9<\/a><\/p>\n<p><strong>IL LIBRO<\/strong><\/p>\n<p><img loading=\"lazy\" decoding=\"async\" class=\"alignleft wp-image-487\" src=\"https:\/\/guerini.it\/cms\/wp-content\/uploads\/2018\/05\/theoryCOVERVAULT_rez-150x150.png\" alt=\"\" width=\"166\" height=\"199\" \/>In uscita in Italia il 13 giugno, <strong><em>Teoria U. I fondamentali<\/em><\/strong> \u00e8 l\u2019ultimo lavoro di Scharmer. L\u2019edizione italiana \u00e8 edita da <strong>Guerini Next<\/strong>, curata da <strong>Peoplerise<\/strong> e tradotta da membri dell\u2019ecosistema <strong>U.lab<\/strong>. Il libro sar\u00e0 presentato e reso disponibile all&#8217;acquisto durante l\u2019incontro.<\/p>\n<p><a href=\"https:\/\/www.cominciamo.org\/il-libro.html\">Per saperne di pi\u00f9<\/a><\/p>\n<hr \/>\n<p>L\u2019iniziativa \u00e8 promossa da\u00a0<a href=\"https:\/\/www.naturasi.it\/\" target=\"_blank\" rel=\"noopener\">EcorNaturaS\u00ec<\/a>\u00a0e\u00a0<a href=\"http:\/\/www.peoplerise.net\/it\/\" target=\"_blank\" rel=\"noopener\">Peoplerise<\/a>, con U.lab Hubs Italy e il patrocinio del\u00a0<a href=\"https:\/\/www.presencing.org\/\" target=\"_blank\" rel=\"noopener\">Presencing Institute<\/a>.<br \/>\nStanno collaborando e supportando il progetto:<br \/>\n\u200b<a href=\"http:\/\/www.valuepartners.com\/\" target=\"_blank\" rel=\"noopener\">Value Partners<\/a>,\u00a0<a href=\"https:\/\/www.bancaetica.it\/\" target=\"_blank\" rel=\"noopener\">Banca\u00a0<\/a><a href=\"https:\/\/www.bancaetica.it\/\" target=\"_blank\" rel=\"noopener\">Etica<\/a>,\u00a0<a href=\"http:\/\/www.e3doing.it\/en\/method.aspx\" target=\"_blank\" rel=\"noopener\">E3doing<\/a>,\u00a0<a href=\"http:\/\/www.studiohr.eu\/\" target=\"_blank\" rel=\"noopener\">Studio HR<\/a>,\u00a0<a href=\"http:\/\/www.guerininext.it\/\" target=\"_blank\" rel=\"noopener\" class=\"broken_link\">Guerini\u00a0Next<\/a>\u00a0,\u00a0<a href=\"http:\/\/www.marco-polo-consulting.com\/\" target=\"_blank\" rel=\"noopener\">Marco Polo Consulting<\/a>,\u00a0<a href=\"http:\/\/www.farnetworks.com\/\" target=\"_blank\" rel=\"noopener\">Far Networks<\/a>,\u00a0<a href=\"http:\/\/www.levicoacque.it\/\" target=\"_blank\" rel=\"noopener\">Levico\u00a0Acque<\/a>,\u00a0<a href=\"https:\/\/www.manageritalia.it\/\" target=\"_blank\" rel=\"noopener\">Manager Italia<\/a>,\u00a0<a href=\"http:\/\/www.knowmads.nl\/\" target=\"_blank\" rel=\"noopener\">Knowmads<\/a>,\u00a0<a href=\"https:\/\/innovits.it\/\" target=\"_blank\" rel=\"noopener\">Inno Vits<\/a>,\u00a0<a href=\"http:\/\/www.complexityinstitute.it\/\" target=\"_blank\" rel=\"noopener\">Complexity Institute<\/a>,\u00a0<a href=\"http:\/\/www.prconsulting.it\/\" target=\"_blank\" rel=\"noopener\">PR Consulting<\/a>.<\/p>\n<p><img loading=\"lazy\" decoding=\"async\" class=\"aligncenter wp-image-500 size-large\" src=\"https:\/\/guerini.it\/cms\/wp-content\/uploads\/2018\/05\/footer_cominciamo-1024x275.jpg\" alt=\"\" width=\"1024\" height=\"275\" \/><\/p>\n<hr \/>\n<h2 style=\"text-align: center;\"><a href=\"http:\/\/REGISTRATI\">Registrati<\/a><\/h2>\n","protected":false},"excerpt":{"rendered":"<p>Un incontro con uno dei pi\u00f9 innovativi studiosi di gestione del cambiamento, docente del MIT di Boston, fondatore del Presencing Institute e ideatore della Teoria U.<\/p>\n","protected":false},"author":3,"featured_media":486,"comment_status":"closed","ping_status":"open","sticky":false,"template":"","format":"standard","meta":{"_editorskit_title_hidden":false,"_editorskit_reading_time":0,"_editorskit_is_block_options_detached":false,"_editorskit_block_options_position":"{}","_monsterinsights_skip_tracking":false,"_monsterinsights_sitenote_active":false,"_monsterinsights_sitenote_note":"","_monsterinsights_sitenote_category":0,"footnotes":""},"categories":[89,105],"tags":[98,99,100,101,87,102,103,104,91,106,107],"class_list":["post-742","post","type-post","status-publish","format-standard","has-post-thumbnail","hentry","category-management","category-teal-organizations","tag-cambiamento","tag-change-management","tag-creativita","tag-innovazione","tag-leadership","tag-organizzazioni","tag-otto-scharmer","tag-sfide","tag-teal","tag-teoria-u","tag-theory-u"],"yoast_head":"<!-- This site is optimized with the Yoast SEO plugin v25.4 - https:\/\/yoast.com\/wordpress\/plugins\/seo\/ -->\n<title>Otto Scharmer per la prima volta in Italia! - Guerini e Associati<\/title>\n<meta name=\"description\" content=\"Cominciamo! Incontra Otto Scharmer, docente del MIT di Boston e ideatore della Teoria U, il 19\/06 a Milano. L&#039;evento \u00e8 promosso da Peoplerise e Ecornaturas\u00ec\" \/>\n<meta name=\"robots\" content=\"index, follow, max-snippet:-1, max-image-preview:large, max-video-preview:-1\" \/>\n<link rel=\"canonical\" href=\"https:\/\/www.guerini.it\/index.php\/otto-scharmer-per-la-prima-volta-in-italia\/\" \/>\n<meta property=\"og:locale\" content=\"it_IT\" \/>\n<meta property=\"og:type\" content=\"article\" \/>\n<meta property=\"og:title\" content=\"Otto Scharmer per la prima volta in Italia! - Guerini e Associati\" \/>\n<meta property=\"og:description\" content=\"Cominciamo! Incontra Otto Scharmer, docente del MIT di Boston e ideatore della Teoria U, il 19\/06 a Milano. L&#039;evento \u00e8 promosso da Peoplerise e Ecornaturas\u00ec\" \/>\n<meta property=\"og:url\" content=\"https:\/\/www.guerini.it\/index.php\/otto-scharmer-per-la-prima-volta-in-italia\/\" \/>\n<meta property=\"og:site_name\" content=\"Guerini e Associati\" \/>\n<meta property=\"article:published_time\" content=\"2018-05-24T13:42:41+00:00\" \/>\n<meta name=\"author\" content=\"guerini\" \/>\n<meta name=\"twitter:card\" content=\"summary_large_image\" \/>\n<meta name=\"twitter:label1\" content=\"Scritto da\" \/>\n\t<meta name=\"twitter:data1\" content=\"guerini\" \/>\n\t<meta name=\"twitter:label2\" content=\"Tempo di lettura stimato\" \/>\n\t<meta name=\"twitter:data2\" content=\"2 minuti\" \/>\n<!-- \/ Yoast SEO plugin. -->","yoast_head_json":{"title":"Otto Scharmer per la prima volta in Italia! - Guerini e Associati","description":"Cominciamo! Incontra Otto Scharmer, docente del MIT di Boston e ideatore della Teoria U, il 19\/06 a Milano. L'evento \u00e8 promosso da Peoplerise e Ecornaturas\u00ec","robots":{"index":"index","follow":"follow","max-snippet":"max-snippet:-1","max-image-preview":"max-image-preview:large","max-video-preview":"max-video-preview:-1"},"canonical":"https:\/\/www.guerini.it\/index.php\/otto-scharmer-per-la-prima-volta-in-italia\/","og_locale":"it_IT","og_type":"article","og_title":"Otto Scharmer per la prima volta in Italia! - Guerini e Associati","og_description":"Cominciamo! Incontra Otto Scharmer, docente del MIT di Boston e ideatore della Teoria U, il 19\/06 a Milano. L'evento \u00e8 promosso da Peoplerise e Ecornaturas\u00ec","og_url":"https:\/\/www.guerini.it\/index.php\/otto-scharmer-per-la-prima-volta-in-italia\/","og_site_name":"Guerini e Associati","article_published_time":"2018-05-24T13:42:41+00:00","author":"guerini","twitter_card":"summary_large_image","twitter_misc":{"Scritto da":"guerini","Tempo di lettura stimato":"2 minuti"},"schema":{"@context":"https:\/\/schema.org","@graph":[{"@type":"Article","@id":"https:\/\/www.guerini.it\/index.php\/otto-scharmer-per-la-prima-volta-in-italia\/#article","isPartOf":{"@id":"https:\/\/www.guerini.it\/index.php\/otto-scharmer-per-la-prima-volta-in-italia\/"},"author":{"name":"guerini","@id":"https:\/\/www.guerini.it\/#\/schema\/person\/1dcd367f3fc50ffa00b86446386464c2"},"headline":"Otto Scharmer per la prima volta in Italia!","datePublished":"2018-05-24T13:42:41+00:00","mainEntityOfPage":{"@id":"https:\/\/www.guerini.it\/index.php\/otto-scharmer-per-la-prima-volta-in-italia\/"},"wordCount":337,"publisher":{"@id":"https:\/\/www.guerini.it\/#organization"},"image":{"@id":"https:\/\/www.guerini.it\/index.php\/otto-scharmer-per-la-prima-volta-in-italia\/#primaryimage"},"thumbnailUrl":"","keywords":["cambiamento","change management","creativit\u00e0","innovazione","leadership","organizzazioni","otto scharmer","sfide","teal","teoria u","theory u"],"articleSection":["Management","Teal organizations"],"inLanguage":"it-IT"},{"@type":"WebPage","@id":"https:\/\/www.guerini.it\/index.php\/otto-scharmer-per-la-prima-volta-in-italia\/","url":"https:\/\/www.guerini.it\/index.php\/otto-scharmer-per-la-prima-volta-in-italia\/","name":"Otto Scharmer per la prima volta in Italia! - Guerini e Associati","isPartOf":{"@id":"https:\/\/www.guerini.it\/#website"},"primaryImageOfPage":{"@id":"https:\/\/www.guerini.it\/index.php\/otto-scharmer-per-la-prima-volta-in-italia\/#primaryimage"},"image":{"@id":"https:\/\/www.guerini.it\/index.php\/otto-scharmer-per-la-prima-volta-in-italia\/#primaryimage"},"thumbnailUrl":"","datePublished":"2018-05-24T13:42:41+00:00","description":"Cominciamo! Incontra Otto Scharmer, docente del MIT di Boston e ideatore della Teoria U, il 19\/06 a Milano. L'evento \u00e8 promosso da Peoplerise e Ecornaturas\u00ec","breadcrumb":{"@id":"https:\/\/www.guerini.it\/index.php\/otto-scharmer-per-la-prima-volta-in-italia\/#breadcrumb"},"inLanguage":"it-IT","potentialAction":[{"@type":"ReadAction","target":["https:\/\/www.guerini.it\/index.php\/otto-scharmer-per-la-prima-volta-in-italia\/"]}]},{"@type":"ImageObject","inLanguage":"it-IT","@id":"https:\/\/www.guerini.it\/index.php\/otto-scharmer-per-la-prima-volta-in-italia\/#primaryimage","url":"","contentUrl":""},{"@type":"BreadcrumbList","@id":"https:\/\/www.guerini.it\/index.php\/otto-scharmer-per-la-prima-volta-in-italia\/#breadcrumb","itemListElement":[{"@type":"ListItem","position":1,"name":"Home","item":"https:\/\/www.guerini.it\/"},{"@type":"ListItem","position":2,"name":"Otto Scharmer per la prima volta in Italia!"}]},{"@type":"WebSite","@id":"https:\/\/www.guerini.it\/#website","url":"https:\/\/www.guerini.it\/","name":"Guerini e Associati","description":"30 anni di libri, idee e libert\u00e0","publisher":{"@id":"https:\/\/www.guerini.it\/#organization"},"potentialAction":[{"@type":"SearchAction","target":{"@type":"EntryPoint","urlTemplate":"https:\/\/www.guerini.it\/?s={search_term_string}"},"query-input":{"@type":"PropertyValueSpecification","valueRequired":true,"valueName":"search_term_string"}}],"inLanguage":"it-IT"},{"@type":"Organization","@id":"https:\/\/www.guerini.it\/#organization","name":"Guerini e Associati","url":"https:\/\/www.guerini.it\/","logo":{"@type":"ImageObject","inLanguage":"it-IT","@id":"https:\/\/www.guerini.it\/#\/schema\/logo\/image\/","url":"https:\/\/www.guerini.it\/wp-content\/uploads\/2021\/03\/Logo-Guerini-OK_-e1615831292285.png","contentUrl":"https:\/\/www.guerini.it\/wp-content\/uploads\/2021\/03\/Logo-Guerini-OK_-e1615831292285.png","width":2805,"height":1870,"caption":"Guerini e Associati"},"image":{"@id":"https:\/\/www.guerini.it\/#\/schema\/logo\/image\/"}},{"@type":"Person","@id":"https:\/\/www.guerini.it\/#\/schema\/person\/1dcd367f3fc50ffa00b86446386464c2","name":"guerini","image":{"@type":"ImageObject","inLanguage":"it-IT","@id":"https:\/\/www.guerini.it\/#\/schema\/person\/image\/","url":"https:\/\/secure.gravatar.com\/avatar\/?s=96&d=mm&r=g","contentUrl":"https:\/\/secure.gravatar.com\/avatar\/?s=96&d=mm&r=g","caption":"guerini"},"url":"https:\/\/www.guerini.it\/index.php\/author\/guerini\/"}]}},"_links":{"self":[{"href":"https:\/\/www.guerini.it\/index.php\/wp-json\/wp\/v2\/posts\/742","targetHints":{"allow":["GET"]}}],"collection":[{"href":"https:\/\/www.guerini.it\/index.php\/wp-json\/wp\/v2\/posts"}],"about":[{"href":"https:\/\/www.guerini.it\/index.php\/wp-json\/wp\/v2\/types\/post"}],"author":[{"embeddable":true,"href":"https:\/\/www.guerini.it\/index.php\/wp-json\/wp\/v2\/users\/3"}],"replies":[{"embeddable":true,"href":"https:\/\/www.guerini.it\/index.php\/wp-json\/wp\/v2\/comments?post=742"}],"version-history":[{"count":0,"href":"https:\/\/www.guerini.it\/index.php\/wp-json\/wp\/v2\/posts\/742\/revisions"}],"wp:featuredmedia":[{"embeddable":true,"href":"https:\/\/www.guerini.it\/index.php\/wp-json\/"}],"wp:attachment":[{"href":"https:\/\/www.guerini.it\/index.php\/wp-json\/wp\/v2\/media?parent=742"}],"wp:term":[{"taxonomy":"category","embeddable":true,"href":"https:\/\/www.guerini.it\/index.php\/wp-json\/wp\/v2\/categories?post=742"},{"taxonomy":"post_tag","embeddable":true,"href":"https:\/\/www.guerini.it\/index.php\/wp-json\/wp\/v2\/tags?post=742"}],"curies":[{"name":"wp","href":"https:\/\/api.w.org\/{rel}","templated":true}]}}