{"id":748,"date":"2018-08-03T09:50:57","date_gmt":"2018-08-03T07:50:57","guid":{"rendered":"https:\/\/guerini.it\/cms\/?p=680"},"modified":"2018-08-03T09:50:57","modified_gmt":"2018-08-03T07:50:57","slug":"3-agosto-2014-2018-il-genocidio-degli-yazidi","status":"publish","type":"post","link":"https:\/\/www.guerini.it\/index.php\/3-agosto-2014-2018-il-genocidio-degli-yazidi\/","title":{"rendered":"3 agosto 2014 -2018: il Genocidio degli yazidi"},"content":{"rendered":"<h3><strong>Raccontato per la prima volta in Italia dal giornalista <a href=\"https:\/\/guerini.it\/index.php\/il-genocidio-degli-yazidi.html\">Simone Zoppellaro<\/a>, a quattro anni di distanza dai tragici fatti il genocidio della popolazione yazida del Sinjar non \u00e8 ancora concluso.<\/strong><\/h3>\n<p>Nell\u2019estate del 2014 l\u2019ISIS avanzava inesorabile, all\u2019apice del suo successo, travolgendo tutto ci\u00f2 che incontrava. Gruppi etnici o religiosi di cui l\u2019occidente non aveva mai sentito parlare prima, sono caduti in quei giorni vittime della crudelt\u00e0 e del fanatismo. Fra <strong>questi la popolazione yazida del Sinjar, sterminata nell\u2019agosto di quel terribile anno<\/strong>.<\/p>\n<figure id=\"attachment_686\" aria-describedby=\"caption-attachment-686\" style=\"width: 218px\" class=\"wp-caption aligncenter\"><a href=\"https:\/\/guerini.it\/index.php\/il-genocidio-degli-yazidi.html\"><img loading=\"lazy\" decoding=\"async\" class=\"wp-image-686 size-medium\" src=\"https:\/\/guerini.it\/cms\/wp-content\/uploads\/2018\/08\/Cop.-Zoppellaro-218x300.jpg\" alt=\"\" width=\"218\" height=\"300\" \/><\/a><figcaption id=\"caption-attachment-686\" class=\"wp-caption-text\">Il libro di Simone Zoppellaro pubblicato nell&#8217;autunno 2017.<\/figcaption><\/figure>\n<h3>IL GENOCIDIO<\/h3>\n<p>Nelle prime ore del <strong>3 agosto 2014<\/strong>, <strong>i combattenti del gruppo terroristico chiamato Stato Islamico dell\u2019Iraq, si riversano fuori dalle loro basi in Siria e in Iraq, e si dirigono rapidamente verso il Sinjar<\/strong>. La regione del Sinjar nel Nord dell\u2019Iraq \u00e8, nel suo punto pi\u00f9 prossimo, a meno di 15 chilometri dal confine con la Siria. \u00c8 la sede della maggioranza degli yazidi nel mondo. Per gli uomini di al-Baghdadi, gli yazidi sono una minoranza che, per la sua stessa natura, non merita di vivere, a meno che questi non rinneghino la fede e abbraccino l\u2019islam. Per gli <strong>uomini<\/strong> della comunit\u00e0 yazida la scelta \u00e8 fra la morte e la conversione, mentre per le <strong>donne<\/strong> non esiste scelta: verranno deportate, violentate, ridotte in schiavit\u00f9 e vendute come merce.\u00a0 Nei vari episodi di cui si compone l\u2019attacco di quei giorni, <strong>3.100 yazidi muoiono e altri 6.800 vengono rapiti.<\/strong><\/p>\n<h3>YAZIDI OGGI<\/h3>\n<p>Prima di questa data, nella regione del Sinjar si trovava oltre la met\u00e0 della popolazione yazida stimata in Iraq, che ammontava a un totale di circa 518.000 persone.<\/p>\n<p>Le stime raccolte nell\u2019aprile 2017 da Simone Zoppellaro, giornalista e autore del volume <a href=\"https:\/\/guerini.it\/index.php\/il-genocidio-degli-yazidi.html\"><strong><em>Il genocidio degli yazidi<\/em><\/strong><\/a>\u00a0dicevano che <strong>vi fossero ben 350.000 fra profughi e sfollati yazidi nel solo Kurdistan iracheno<\/strong>, a fronte di una popolazione totale, assai diminuita, che si aggirava attorno alle 420.000 persone. Gli studi rivelavano che <strong>almeno il 2,5% dell\u2019intera popolazione yazida del Sinjar era stata rapita o uccisa.<\/strong><\/p>\n<p>La tragedia ha lasciato questa minoranza sempre pi\u00f9 chiusa, divisa e lacerata, anche da un punto di vista politico. <strong>Sono in tanti ad affermare che non c\u2019\u00e8 futuro per loro in Iraq o in Kurdistan e che l\u2019unica salvezza pu\u00f2 arrivare da Occidente, dal dispiegamento di forze internazionali.<\/strong><\/p>\n<blockquote><p>&#8220;Il genocidio degli yazidi non \u00e8 ancora concluso, poich\u00e9 i <strong>2\/3 delle vittime non hanno il diritto di tornare alla loro terra<\/strong>, oltre <strong>3.000 fra donne e bambini risultano dispersi<\/strong>, <strong>pi\u00f9 di 60 fosse comuni<\/strong> restano ancora da esumare, nessuno dei colpevoli di questo crimine \u00e8 stato portato di fronte alla giustizia, e <strong>le vittime continuano a soffrire<\/strong>&#8221; ha affermato recentemente <strong>Murad\u00a0Ismael,\u00a0<\/strong>Co-founder e Executive Director di\u00a0<strong>Yazda Organization<\/strong>, uno dei massimi rappresentanti della comunit\u00e0 yazida.<\/p><\/blockquote>\n<p><strong>Simone Zoppellaro<\/strong>, giornalista ed esperto di Medio Oriente, ha visitato il <strong>Kurdistan iracheno nell\u2019aprile del 2017<\/strong>. Da questo lungo viaggio, da un meticoloso lavoro di ricostruzione delle vicende che hanno segnato la popolazione yazida e a seguito di un importante incontro con <strong>Nadia Murad<\/strong>, attvista yazida candidata al Premio Nobel per la pace, Zoppellaro ha deciso di dare alle stampe nell\u2019ottobre del 2017 il libro <a href=\"https:\/\/guerini.it\/index.php\/il-genocidio-degli-yazidi.html\"><em>Il genocidio degli yazidi. L\u2019ISIS e la persecuzione degli adoratori del diavolo<\/em><\/a>, <strong>un volume che ha permesso di fare luce su una vicenda fino a quel momento sconosciuta ai pi\u00f9.<\/strong><\/p>\n<figure id=\"attachment_683\" aria-describedby=\"caption-attachment-683\" style=\"width: 300px\" class=\"wp-caption aligncenter\"><img loading=\"lazy\" decoding=\"async\" class=\"size-medium wp-image-683\" src=\"https:\/\/guerini.it\/cms\/wp-content\/uploads\/2018\/08\/BeFunky-collage-300x167.jpg\" alt=\"\" width=\"300\" height=\"167\" \/><figcaption id=\"caption-attachment-683\" class=\"wp-caption-text\">Il giornalista Simone Zoppellaro ha portato il suo libro in tutta Italia per far conoscere il dramma del popolo yazida.<\/figcaption><\/figure>\n<p><strong><a href=\"https:\/\/guerini.it\/cms\/wp-content\/uploads\/2018\/08\/Rassegna-stampa_2017-2018.pdf\">Rassegna stampa_2017-2018<\/a><\/strong><\/p>\n","protected":false},"excerpt":{"rendered":"<p>Raccontato per la prima volta in Italia dal giornalista Simone Zoppellaro, a quattro anni di distanza dai tragici fatti il genocidio della popolazione yazida del Sinjar non \u00e8 ancora concluso. [&hellip;]<\/p>\n","protected":false},"author":3,"featured_media":682,"comment_status":"closed","ping_status":"open","sticky":false,"template":"","format":"standard","meta":{"_editorskit_title_hidden":false,"_editorskit_reading_time":0,"_editorskit_is_block_options_detached":false,"_editorskit_block_options_position":"{}","_monsterinsights_skip_tracking":false,"_monsterinsights_sitenote_active":false,"_monsterinsights_sitenote_note":"","_monsterinsights_sitenote_category":0,"footnotes":""},"categories":[83,114,68],"tags":[136,137,138,139,140,141],"class_list":["post-748","post","type-post","status-publish","format-standard","has-post-thumbnail","hentry","category-attualita","category-dialogo-culture-e-religioni","category-guerini-news","tag-genocidio","tag-geopolitica","tag-isis","tag-nadia-murad","tag-simone-zoppellaro","tag-yazidi"],"yoast_head":"<!-- This site is optimized with the Yoast SEO plugin v25.4 - https:\/\/yoast.com\/wordpress\/plugins\/seo\/ -->\n<title>3 agosto 2014 -2018: il Genocidio degli yazidi - Guerini e Associati<\/title>\n<meta name=\"description\" content=\"Denunciato dall\u2019ONU e raccontato dal giornalista Simone Zoppellaro nel suo ultimo libro, il genocidio della popolazione yazida non \u00e8 ancora concluso.\" \/>\n<meta name=\"robots\" content=\"index, follow, max-snippet:-1, max-image-preview:large, max-video-preview:-1\" \/>\n<link rel=\"canonical\" href=\"https:\/\/www.guerini.it\/index.php\/3-agosto-2014-2018-il-genocidio-degli-yazidi\/\" \/>\n<meta property=\"og:locale\" content=\"it_IT\" \/>\n<meta property=\"og:type\" content=\"article\" \/>\n<meta property=\"og:title\" content=\"3 agosto 2014 -2018: il Genocidio degli yazidi - Guerini e Associati\" \/>\n<meta property=\"og:description\" content=\"Denunciato dall\u2019ONU e raccontato dal giornalista Simone Zoppellaro nel suo ultimo libro, il genocidio della popolazione yazida non \u00e8 ancora concluso.\" \/>\n<meta property=\"og:url\" content=\"https:\/\/www.guerini.it\/index.php\/3-agosto-2014-2018-il-genocidio-degli-yazidi\/\" \/>\n<meta property=\"og:site_name\" content=\"Guerini e Associati\" \/>\n<meta property=\"article:published_time\" content=\"2018-08-03T07:50:57+00:00\" \/>\n<meta name=\"author\" content=\"guerini\" \/>\n<meta name=\"twitter:card\" content=\"summary_large_image\" \/>\n<meta name=\"twitter:label1\" content=\"Scritto da\" \/>\n\t<meta name=\"twitter:data1\" content=\"guerini\" \/>\n\t<meta name=\"twitter:label2\" content=\"Tempo di lettura stimato\" \/>\n\t<meta name=\"twitter:data2\" content=\"3 minuti\" \/>\n<!-- \/ Yoast SEO plugin. -->","yoast_head_json":{"title":"3 agosto 2014 -2018: il Genocidio degli yazidi - Guerini e Associati","description":"Denunciato dall\u2019ONU e raccontato dal giornalista Simone Zoppellaro nel suo ultimo libro, il genocidio della popolazione yazida non \u00e8 ancora concluso.","robots":{"index":"index","follow":"follow","max-snippet":"max-snippet:-1","max-image-preview":"max-image-preview:large","max-video-preview":"max-video-preview:-1"},"canonical":"https:\/\/www.guerini.it\/index.php\/3-agosto-2014-2018-il-genocidio-degli-yazidi\/","og_locale":"it_IT","og_type":"article","og_title":"3 agosto 2014 -2018: il Genocidio degli yazidi - Guerini e Associati","og_description":"Denunciato dall\u2019ONU e raccontato dal giornalista Simone Zoppellaro nel suo ultimo libro, il genocidio della popolazione yazida non \u00e8 ancora concluso.","og_url":"https:\/\/www.guerini.it\/index.php\/3-agosto-2014-2018-il-genocidio-degli-yazidi\/","og_site_name":"Guerini e Associati","article_published_time":"2018-08-03T07:50:57+00:00","author":"guerini","twitter_card":"summary_large_image","twitter_misc":{"Scritto da":"guerini","Tempo di lettura stimato":"3 minuti"},"schema":{"@context":"https:\/\/schema.org","@graph":[{"@type":"Article","@id":"https:\/\/www.guerini.it\/index.php\/3-agosto-2014-2018-il-genocidio-degli-yazidi\/#article","isPartOf":{"@id":"https:\/\/www.guerini.it\/index.php\/3-agosto-2014-2018-il-genocidio-degli-yazidi\/"},"author":{"name":"guerini","@id":"https:\/\/www.guerini.it\/#\/schema\/person\/1dcd367f3fc50ffa00b86446386464c2"},"headline":"3 agosto 2014 -2018: il Genocidio degli yazidi","datePublished":"2018-08-03T07:50:57+00:00","mainEntityOfPage":{"@id":"https:\/\/www.guerini.it\/index.php\/3-agosto-2014-2018-il-genocidio-degli-yazidi\/"},"wordCount":590,"publisher":{"@id":"https:\/\/www.guerini.it\/#organization"},"image":{"@id":"https:\/\/www.guerini.it\/index.php\/3-agosto-2014-2018-il-genocidio-degli-yazidi\/#primaryimage"},"thumbnailUrl":"","keywords":["genocidio","geopolitica","Isis","Nadia Murad","Simone Zoppellaro","yazidi"],"articleSection":["Attualit\u00e0","Dialogo, culture e religioni","Guerini news"],"inLanguage":"it-IT"},{"@type":"WebPage","@id":"https:\/\/www.guerini.it\/index.php\/3-agosto-2014-2018-il-genocidio-degli-yazidi\/","url":"https:\/\/www.guerini.it\/index.php\/3-agosto-2014-2018-il-genocidio-degli-yazidi\/","name":"3 agosto 2014 -2018: il Genocidio degli yazidi - Guerini e Associati","isPartOf":{"@id":"https:\/\/www.guerini.it\/#website"},"primaryImageOfPage":{"@id":"https:\/\/www.guerini.it\/index.php\/3-agosto-2014-2018-il-genocidio-degli-yazidi\/#primaryimage"},"image":{"@id":"https:\/\/www.guerini.it\/index.php\/3-agosto-2014-2018-il-genocidio-degli-yazidi\/#primaryimage"},"thumbnailUrl":"","datePublished":"2018-08-03T07:50:57+00:00","description":"Denunciato dall\u2019ONU e raccontato dal giornalista Simone Zoppellaro nel suo ultimo libro, il genocidio della popolazione yazida non \u00e8 ancora concluso.","breadcrumb":{"@id":"https:\/\/www.guerini.it\/index.php\/3-agosto-2014-2018-il-genocidio-degli-yazidi\/#breadcrumb"},"inLanguage":"it-IT","potentialAction":[{"@type":"ReadAction","target":["https:\/\/www.guerini.it\/index.php\/3-agosto-2014-2018-il-genocidio-degli-yazidi\/"]}]},{"@type":"ImageObject","inLanguage":"it-IT","@id":"https:\/\/www.guerini.it\/index.php\/3-agosto-2014-2018-il-genocidio-degli-yazidi\/#primaryimage","url":"","contentUrl":""},{"@type":"BreadcrumbList","@id":"https:\/\/www.guerini.it\/index.php\/3-agosto-2014-2018-il-genocidio-degli-yazidi\/#breadcrumb","itemListElement":[{"@type":"ListItem","position":1,"name":"Home","item":"https:\/\/www.guerini.it\/"},{"@type":"ListItem","position":2,"name":"3 agosto 2014 -2018: il Genocidio degli yazidi"}]},{"@type":"WebSite","@id":"https:\/\/www.guerini.it\/#website","url":"https:\/\/www.guerini.it\/","name":"Guerini e Associati","description":"30 anni di libri, idee e libert\u00e0","publisher":{"@id":"https:\/\/www.guerini.it\/#organization"},"potentialAction":[{"@type":"SearchAction","target":{"@type":"EntryPoint","urlTemplate":"https:\/\/www.guerini.it\/?s={search_term_string}"},"query-input":{"@type":"PropertyValueSpecification","valueRequired":true,"valueName":"search_term_string"}}],"inLanguage":"it-IT"},{"@type":"Organization","@id":"https:\/\/www.guerini.it\/#organization","name":"Guerini e Associati","url":"https:\/\/www.guerini.it\/","logo":{"@type":"ImageObject","inLanguage":"it-IT","@id":"https:\/\/www.guerini.it\/#\/schema\/logo\/image\/","url":"https:\/\/www.guerini.it\/wp-content\/uploads\/2021\/03\/Logo-Guerini-OK_-e1615831292285.png","contentUrl":"https:\/\/www.guerini.it\/wp-content\/uploads\/2021\/03\/Logo-Guerini-OK_-e1615831292285.png","width":2805,"height":1870,"caption":"Guerini e Associati"},"image":{"@id":"https:\/\/www.guerini.it\/#\/schema\/logo\/image\/"}},{"@type":"Person","@id":"https:\/\/www.guerini.it\/#\/schema\/person\/1dcd367f3fc50ffa00b86446386464c2","name":"guerini","image":{"@type":"ImageObject","inLanguage":"it-IT","@id":"https:\/\/www.guerini.it\/#\/schema\/person\/image\/","url":"https:\/\/secure.gravatar.com\/avatar\/?s=96&d=mm&r=g","contentUrl":"https:\/\/secure.gravatar.com\/avatar\/?s=96&d=mm&r=g","caption":"guerini"},"url":"https:\/\/www.guerini.it\/index.php\/author\/guerini\/"}]}},"_links":{"self":[{"href":"https:\/\/www.guerini.it\/index.php\/wp-json\/wp\/v2\/posts\/748","targetHints":{"allow":["GET"]}}],"collection":[{"href":"https:\/\/www.guerini.it\/index.php\/wp-json\/wp\/v2\/posts"}],"about":[{"href":"https:\/\/www.guerini.it\/index.php\/wp-json\/wp\/v2\/types\/post"}],"author":[{"embeddable":true,"href":"https:\/\/www.guerini.it\/index.php\/wp-json\/wp\/v2\/users\/3"}],"replies":[{"embeddable":true,"href":"https:\/\/www.guerini.it\/index.php\/wp-json\/wp\/v2\/comments?post=748"}],"version-history":[{"count":0,"href":"https:\/\/www.guerini.it\/index.php\/wp-json\/wp\/v2\/posts\/748\/revisions"}],"wp:featuredmedia":[{"embeddable":true,"href":"https:\/\/www.guerini.it\/index.php\/wp-json\/"}],"wp:attachment":[{"href":"https:\/\/www.guerini.it\/index.php\/wp-json\/wp\/v2\/media?parent=748"}],"wp:term":[{"taxonomy":"category","embeddable":true,"href":"https:\/\/www.guerini.it\/index.php\/wp-json\/wp\/v2\/categories?post=748"},{"taxonomy":"post_tag","embeddable":true,"href":"https:\/\/www.guerini.it\/index.php\/wp-json\/wp\/v2\/tags?post=748"}],"curies":[{"name":"wp","href":"https:\/\/api.w.org\/{rel}","templated":true}]}}