{"id":850,"date":"2018-10-12T10:59:34","date_gmt":"2018-10-12T08:59:34","guid":{"rendered":"https:\/\/guerini.it\/cms\/?p=850"},"modified":"2018-10-12T10:59:34","modified_gmt":"2018-10-12T08:59:34","slug":"isaac-getz-imprese-liberate","status":"publish","type":"post","link":"https:\/\/www.guerini.it\/index.php\/isaac-getz-imprese-liberate\/","title":{"rendered":"A tu per tu con Isaac Getz"},"content":{"rendered":"<h1>A seguito della<a href=\"https:\/\/www.eventbrite.it\/e\/biglietti-freedom-inc-come-liberare-il-potenziale-delle-persone-e-la-performance-delle-imprese-50681152692#\">\u00a0presentazione<\/a>\u00a0promossa dall&#8217;<a href=\"http:\/\/www.brunoleoni.it\/\">Istituto Bruno Leoni\u00a0<\/a>del libro\u00a0<em><a href=\"https:\/\/guerini.it\/index.php\/freedom-inc.html\">Freedom Inc.<\/a>\u00a0<\/em>in occasione della sua uscita in Italia, abbiamo raggiunto <strong>Isaac Getz<\/strong> in hotel per farci raccontare che cos&#8217;\u00e8 una &#8220;impresa liberata&#8221;.<\/h1>\n<hr \/>\n<p>Gli ultimi due decenni hanno visto crescere un movimento globale che ha silenziosamente trasformato decine di imprese e l\u2019esistenza di migliaia di lavoratori utilizzando una risorsa a molti sconosciuta: la libert\u00e0 e la responsabilit\u00e0 delle persone di fare ci\u00f2 che loro, non i loro capi, decidono essere migliore per l\u2019azienda secondo un proposito da tutti condiviso.<\/p>\n<p><strong><em>Freedom Inc<\/em><\/strong>., libro oggi tradotto in sei lingue, per mesi in vetta alle classifiche di settore in Francia, ha colto questo fenomeno al suo nascere e ha contribuito in modo decisivo a trasformarlo in un movimento globale che abbraccia imprese di ogni settore e dimensione, da aziende familiari a multinazionali con operazioni su scala planetaria.<\/p>\n<p><strong>Isaac Getz<\/strong> e <strong>Brian M. Carney<\/strong>, grazie all&#8217;Istituto Bruno Leoni, hanno presentato l&#8217;edizione italiana del libro presso la magnifica Residenza Vignale di Milano lo scorso 8 ottobre. Il giorno successivo, insieme ad alcuni giornalisti, abbiamo avuto la straordinaria opportunit\u00e0 di chiacchierare con Isaac Getz di &#8220;imprese liberate&#8221; e della loro importanza nell&#8217;ecosistema economico in cui viviamo.<\/p>\n<figure id=\"attachment_859\" aria-describedby=\"caption-attachment-859\" style=\"width: 225px\" class=\"wp-caption alignleft\"><a href=\"https:\/\/guerini.it\/cms\/wp-content\/uploads\/2018\/10\/05.jpg\"><img loading=\"lazy\" decoding=\"async\" class=\"wp-image-859 size-medium\" src=\"https:\/\/guerini.it\/cms\/wp-content\/uploads\/2018\/10\/05-225x300.jpg\" alt=\"Isaac Getz\" width=\"225\" height=\"300\" \/><\/a><figcaption id=\"caption-attachment-859\" class=\"wp-caption-text\">Isaac Getz<\/figcaption><\/figure>\n<figure id=\"attachment_851\" aria-describedby=\"caption-attachment-851\" style=\"width: 229px\" class=\"wp-caption alignleft\"><a href=\"https:\/\/guerini.it\/cms\/wp-content\/uploads\/2018\/10\/06.jpg\"><img loading=\"lazy\" decoding=\"async\" class=\"wp-image-851 size-medium\" src=\"https:\/\/guerini.it\/cms\/wp-content\/uploads\/2018\/10\/06-229x300.jpg\" alt=\"Isaac Getz\" width=\"229\" height=\"300\" \/><\/a><figcaption id=\"caption-attachment-851\" class=\"wp-caption-text\">Intervista a Isaac Getz<\/figcaption><\/figure>\n<figure id=\"attachment_858\" aria-describedby=\"caption-attachment-858\" style=\"width: 225px\" class=\"wp-caption alignleft\"><a href=\"https:\/\/guerini.it\/cms\/wp-content\/uploads\/2018\/10\/04.jpg\"><img loading=\"lazy\" decoding=\"async\" class=\"wp-image-858 size-medium\" src=\"https:\/\/guerini.it\/cms\/wp-content\/uploads\/2018\/10\/04-225x300.jpg\" alt=\"Getz incontra la stampa italiana\" width=\"225\" height=\"300\" \/><\/a><figcaption id=\"caption-attachment-858\" class=\"wp-caption-text\">L&#8217;autore risponde ai giornalisti<\/figcaption><\/figure>\n<figure id=\"attachment_856\" aria-describedby=\"caption-attachment-856\" style=\"width: 225px\" class=\"wp-caption alignleft\"><a href=\"https:\/\/guerini.it\/cms\/wp-content\/uploads\/2018\/10\/02.jpg\"><img loading=\"lazy\" decoding=\"async\" class=\"wp-image-856 size-medium\" src=\"https:\/\/guerini.it\/cms\/wp-content\/uploads\/2018\/10\/02-225x300.jpg\" alt=\"Cartella stampa Freedom Inc\" width=\"225\" height=\"300\" \/><\/a><figcaption id=\"caption-attachment-856\" class=\"wp-caption-text\">Freedom Inc. edito Guerini Next<\/figcaption><\/figure>\n<p>&nbsp;<\/p>\n<p>&nbsp;<\/p>\n<p>&nbsp;<\/p>\n<p>&nbsp;<\/p>\n<p>&nbsp;<\/p>\n<p>&nbsp;<\/p>\n<p>&nbsp;<\/p>\n<p>&nbsp;<\/p>\n<p>&nbsp;<\/p>\n<p>&nbsp;<\/p>\n<p>&nbsp;<\/p>\n<p>&nbsp;<\/p>\n<p>&nbsp;<\/p>\n<p>&nbsp;<\/p>\n<p>&nbsp;<\/p>\n<p>Fra i tanti temi sviscerati, abbiamo innanzitutto compreso quanta parte delle pi\u00f9 diffuse convinzioni in tema di organizzazione del lavoro derivino dall&#8217;utilizzo di una terminologia non pi\u00f9 adeguata ai tempi.<\/p>\n<ul>\n<li><strong>Nessuna rivoluzione.<\/strong> Quella delle imprese liberate \u00e8 una evoluzione o, ancora meglio, una trasformazione radicale dettata dai tempi che cambiano e dalle forme socio-economiche che plasmano la nostra societ\u00e0.<\/li>\n<li><strong>Il training \u00e8 morto. <\/strong>Solo l&#8217;educazione pu\u00f2 produrre leader capaci di guidare aziende che evolvono, crescono e si sviluppano. Non serve a nulla &#8220;allenarsi&#8221; se non si ha la conoscenza, ovvero la chiave per sapersi adattare alle trasformazioni continue.<\/li>\n<li><b>Risorse? No, grazie.\u00a0<\/b>Solo se iniziamo a parlare di persone, invece che di risorse saremo in grado di considerare ognuno per quello che \u00e8 e di valorizzarne le competenze. In questo modo sar\u00e0 possibile creare le premesse per la liberazione del potenziale pi\u00f9 elevato di ciascuno.<\/li>\n<\/ul>\n<hr \/>\n<p>L&#8217;evoluzione pu\u00f2 talvolta essere difficile, ma non impossibile.<br \/>\nPer saperne di pi\u00f9\u00a0<a href=\"https:\/\/bit.ly\/2CyUSOW\">https:\/\/bit.ly\/2CyUSOW<\/a><\/p>\n","protected":false},"excerpt":{"rendered":"<p>A seguito della\u00a0presentazione\u00a0promossa dall&#8217;Istituto Bruno Leoni\u00a0del libro\u00a0Freedom Inc.\u00a0in occasione della sua uscita in Italia, abbiamo raggiunto Isaac Getz in hotel per farci raccontare che cos&#8217;\u00e8 una &#8220;impresa liberata&#8221;. Gli ultimi [&hellip;]<\/p>\n","protected":false},"author":3,"featured_media":853,"comment_status":"closed","ping_status":"open","sticky":false,"template":"","format":"standard","meta":{"_editorskit_title_hidden":false,"_editorskit_reading_time":0,"_editorskit_is_block_options_detached":false,"_editorskit_block_options_position":"{}","_monsterinsights_skip_tracking":false,"_monsterinsights_sitenote_active":false,"_monsterinsights_sitenote_note":"","_monsterinsights_sitenote_category":0,"footnotes":""},"categories":[89,105],"tags":[157,158,159,160,90,91],"class_list":["post-850","post","type-post","status-publish","format-standard","has-post-thumbnail","hentry","category-management","category-teal-organizations","tag-agile","tag-company","tag-hr","tag-impresa","tag-organizzazione","tag-teal"],"yoast_head":"<!-- This site is optimized with the Yoast SEO plugin v25.4 - https:\/\/yoast.com\/wordpress\/plugins\/seo\/ -->\n<title>A tu per tu con Isaac Getz - Guerini e Associati<\/title>\n<meta name=\"description\" content=\"Isaac Getz, autore insieme a Brian M. Carney del bestseller &quot;Freedom Inc.&quot;, ci racconta che cos&#039;\u00e8 un&#039;impresa liberata e perch\u00e8 oggi ne abbiamo cos\u00ec bisogno.\" \/>\n<meta name=\"robots\" content=\"index, follow, max-snippet:-1, max-image-preview:large, max-video-preview:-1\" \/>\n<link rel=\"canonical\" href=\"https:\/\/www.guerini.it\/index.php\/isaac-getz-imprese-liberate\/\" \/>\n<meta property=\"og:locale\" content=\"it_IT\" \/>\n<meta property=\"og:type\" content=\"article\" \/>\n<meta property=\"og:title\" content=\"A tu per tu con Isaac Getz - Guerini e Associati\" \/>\n<meta property=\"og:description\" content=\"Isaac Getz, autore insieme a Brian M. Carney del bestseller &quot;Freedom Inc.&quot;, ci racconta che cos&#039;\u00e8 un&#039;impresa liberata e perch\u00e8 oggi ne abbiamo cos\u00ec bisogno.\" \/>\n<meta property=\"og:url\" content=\"https:\/\/www.guerini.it\/index.php\/isaac-getz-imprese-liberate\/\" \/>\n<meta property=\"og:site_name\" content=\"Guerini e Associati\" \/>\n<meta property=\"article:published_time\" content=\"2018-10-12T08:59:34+00:00\" \/>\n<meta name=\"author\" content=\"guerini\" \/>\n<meta name=\"twitter:card\" content=\"summary_large_image\" \/>\n<meta name=\"twitter:label1\" content=\"Scritto da\" \/>\n\t<meta name=\"twitter:data1\" content=\"guerini\" \/>\n\t<meta name=\"twitter:label2\" content=\"Tempo di lettura stimato\" \/>\n\t<meta name=\"twitter:data2\" content=\"2 minuti\" \/>\n<!-- \/ Yoast SEO plugin. -->","yoast_head_json":{"title":"A tu per tu con Isaac Getz - Guerini e Associati","description":"Isaac Getz, autore insieme a Brian M. Carney del bestseller \"Freedom Inc.\", ci racconta che cos'\u00e8 un'impresa liberata e perch\u00e8 oggi ne abbiamo cos\u00ec bisogno.","robots":{"index":"index","follow":"follow","max-snippet":"max-snippet:-1","max-image-preview":"max-image-preview:large","max-video-preview":"max-video-preview:-1"},"canonical":"https:\/\/www.guerini.it\/index.php\/isaac-getz-imprese-liberate\/","og_locale":"it_IT","og_type":"article","og_title":"A tu per tu con Isaac Getz - Guerini e Associati","og_description":"Isaac Getz, autore insieme a Brian M. Carney del bestseller \"Freedom Inc.\", ci racconta che cos'\u00e8 un'impresa liberata e perch\u00e8 oggi ne abbiamo cos\u00ec bisogno.","og_url":"https:\/\/www.guerini.it\/index.php\/isaac-getz-imprese-liberate\/","og_site_name":"Guerini e Associati","article_published_time":"2018-10-12T08:59:34+00:00","author":"guerini","twitter_card":"summary_large_image","twitter_misc":{"Scritto da":"guerini","Tempo di lettura stimato":"2 minuti"},"schema":{"@context":"https:\/\/schema.org","@graph":[{"@type":"Article","@id":"https:\/\/www.guerini.it\/index.php\/isaac-getz-imprese-liberate\/#article","isPartOf":{"@id":"https:\/\/www.guerini.it\/index.php\/isaac-getz-imprese-liberate\/"},"author":{"name":"guerini","@id":"https:\/\/www.guerini.it\/#\/schema\/person\/1dcd367f3fc50ffa00b86446386464c2"},"headline":"A tu per tu con Isaac Getz","datePublished":"2018-10-12T08:59:34+00:00","mainEntityOfPage":{"@id":"https:\/\/www.guerini.it\/index.php\/isaac-getz-imprese-liberate\/"},"wordCount":431,"publisher":{"@id":"https:\/\/www.guerini.it\/#organization"},"image":{"@id":"https:\/\/www.guerini.it\/index.php\/isaac-getz-imprese-liberate\/#primaryimage"},"thumbnailUrl":"","keywords":["agile","company","hr","impresa","organizzazione","teal"],"articleSection":["Management","Teal organizations"],"inLanguage":"it-IT"},{"@type":"WebPage","@id":"https:\/\/www.guerini.it\/index.php\/isaac-getz-imprese-liberate\/","url":"https:\/\/www.guerini.it\/index.php\/isaac-getz-imprese-liberate\/","name":"A tu per tu con Isaac Getz - Guerini e Associati","isPartOf":{"@id":"https:\/\/www.guerini.it\/#website"},"primaryImageOfPage":{"@id":"https:\/\/www.guerini.it\/index.php\/isaac-getz-imprese-liberate\/#primaryimage"},"image":{"@id":"https:\/\/www.guerini.it\/index.php\/isaac-getz-imprese-liberate\/#primaryimage"},"thumbnailUrl":"","datePublished":"2018-10-12T08:59:34+00:00","description":"Isaac Getz, autore insieme a Brian M. Carney del bestseller \"Freedom Inc.\", ci racconta che cos'\u00e8 un'impresa liberata e perch\u00e8 oggi ne abbiamo cos\u00ec bisogno.","breadcrumb":{"@id":"https:\/\/www.guerini.it\/index.php\/isaac-getz-imprese-liberate\/#breadcrumb"},"inLanguage":"it-IT","potentialAction":[{"@type":"ReadAction","target":["https:\/\/www.guerini.it\/index.php\/isaac-getz-imprese-liberate\/"]}]},{"@type":"ImageObject","inLanguage":"it-IT","@id":"https:\/\/www.guerini.it\/index.php\/isaac-getz-imprese-liberate\/#primaryimage","url":"","contentUrl":""},{"@type":"BreadcrumbList","@id":"https:\/\/www.guerini.it\/index.php\/isaac-getz-imprese-liberate\/#breadcrumb","itemListElement":[{"@type":"ListItem","position":1,"name":"Home","item":"https:\/\/www.guerini.it\/"},{"@type":"ListItem","position":2,"name":"A tu per tu con Isaac Getz"}]},{"@type":"WebSite","@id":"https:\/\/www.guerini.it\/#website","url":"https:\/\/www.guerini.it\/","name":"Guerini e Associati","description":"30 anni di libri, idee e libert\u00e0","publisher":{"@id":"https:\/\/www.guerini.it\/#organization"},"potentialAction":[{"@type":"SearchAction","target":{"@type":"EntryPoint","urlTemplate":"https:\/\/www.guerini.it\/?s={search_term_string}"},"query-input":{"@type":"PropertyValueSpecification","valueRequired":true,"valueName":"search_term_string"}}],"inLanguage":"it-IT"},{"@type":"Organization","@id":"https:\/\/www.guerini.it\/#organization","name":"Guerini e Associati","url":"https:\/\/www.guerini.it\/","logo":{"@type":"ImageObject","inLanguage":"it-IT","@id":"https:\/\/www.guerini.it\/#\/schema\/logo\/image\/","url":"https:\/\/www.guerini.it\/wp-content\/uploads\/2021\/03\/Logo-Guerini-OK_-e1615831292285.png","contentUrl":"https:\/\/www.guerini.it\/wp-content\/uploads\/2021\/03\/Logo-Guerini-OK_-e1615831292285.png","width":2805,"height":1870,"caption":"Guerini e Associati"},"image":{"@id":"https:\/\/www.guerini.it\/#\/schema\/logo\/image\/"}},{"@type":"Person","@id":"https:\/\/www.guerini.it\/#\/schema\/person\/1dcd367f3fc50ffa00b86446386464c2","name":"guerini","image":{"@type":"ImageObject","inLanguage":"it-IT","@id":"https:\/\/www.guerini.it\/#\/schema\/person\/image\/","url":"https:\/\/secure.gravatar.com\/avatar\/?s=96&d=mm&r=g","contentUrl":"https:\/\/secure.gravatar.com\/avatar\/?s=96&d=mm&r=g","caption":"guerini"},"url":"https:\/\/www.guerini.it\/index.php\/author\/guerini\/"}]}},"_links":{"self":[{"href":"https:\/\/www.guerini.it\/index.php\/wp-json\/wp\/v2\/posts\/850","targetHints":{"allow":["GET"]}}],"collection":[{"href":"https:\/\/www.guerini.it\/index.php\/wp-json\/wp\/v2\/posts"}],"about":[{"href":"https:\/\/www.guerini.it\/index.php\/wp-json\/wp\/v2\/types\/post"}],"author":[{"embeddable":true,"href":"https:\/\/www.guerini.it\/index.php\/wp-json\/wp\/v2\/users\/3"}],"replies":[{"embeddable":true,"href":"https:\/\/www.guerini.it\/index.php\/wp-json\/wp\/v2\/comments?post=850"}],"version-history":[{"count":0,"href":"https:\/\/www.guerini.it\/index.php\/wp-json\/wp\/v2\/posts\/850\/revisions"}],"wp:featuredmedia":[{"embeddable":true,"href":"https:\/\/www.guerini.it\/index.php\/wp-json\/"}],"wp:attachment":[{"href":"https:\/\/www.guerini.it\/index.php\/wp-json\/wp\/v2\/media?parent=850"}],"wp:term":[{"taxonomy":"category","embeddable":true,"href":"https:\/\/www.guerini.it\/index.php\/wp-json\/wp\/v2\/categories?post=850"},{"taxonomy":"post_tag","embeddable":true,"href":"https:\/\/www.guerini.it\/index.php\/wp-json\/wp\/v2\/tags?post=850"}],"curies":[{"name":"wp","href":"https:\/\/api.w.org\/{rel}","templated":true}]}}