{"id":6614,"count":4,"description":"Collana diretta da Lodovico Festa e Giulio Sapelli.\r\nCoordinamento editoriale di Paolo Nessi\r\n\r\n\u00abS\u00ec s\u00ec No no\u00bb propone ai lettori punti di vista nettamente distinti e tendenzialmente contrapposti su alcuni tra i principali argomenti di attualit\u00e0; una scelta editoriale nata dalla convinzione che oggi alla societ\u00e0 italiana serva una vera discussione pubblica fatta non solo di tweet, slogan o insulti, e che sia indispensabile non tanto avere un\u2019opinione alla moda, quanto un punto di vista fondato sulle analisi.\r\n\r\nLo sforzo di Lodovico Festa e Giulio Sapelli, curatori della collana, sar\u00e0 dunque quello di cercare interlocutori che, nel difendere le proprie posizioni, sappiano rispettare le ragioni di chi discute con loro, nella consapevolezza che la verit\u00e0 nasce non solo dalla individuazione di ci\u00f2 che \u00e8 giusto e di ci\u00f2 che \u00e8 errato, ma anche \u2013 senza scadere in atteggiamenti relativistici o nichilistici \u2013 dal confronto tra ragioni diverse in scenari complessi che talvolta trovano una soluzione solo nel superamento di entrambe le tesi presentate come contrapposte.\r\n\r\nPer approfondimenti, interviste e novit\u00e0 in arrivo ti invitiamo a visitare\u00a0la pagina <a href=\"https:\/\/www.facebook.com\/sisinonoedizioniguerini?ref=aymt_homepage_panel\" target=\"_blank\" rel=\"noopener\">Facebook\u00a0<\/a>della collana.","link":"https:\/\/www.guerini.it\/index.php\/categoria-prodotto\/attualita\/sisinono\/","name":"S\u00ec s\u00ec No no","slug":"sisinono","taxonomy":"product_cat","parent":6527,"meta":[],"yoast_head":"<!-- This site is optimized with the Yoast SEO plugin v25.4 - https:\/\/yoast.com\/wordpress\/plugins\/seo\/ -->\n<title>S\u00ec s\u00ec No no Archivi - Guerini e Associati<\/title>\n<meta name=\"robots\" content=\"index, follow, max-snippet:-1, max-image-preview:large, max-video-preview:-1\" \/>\n<link rel=\"canonical\" href=\"https:\/\/www.guerini.it\/index.php\/categoria-prodotto\/attualita\/sisinono\/\" \/>\n<meta property=\"og:locale\" content=\"it_IT\" \/>\n<meta property=\"og:type\" content=\"article\" \/>\n<meta property=\"og:title\" content=\"S\u00ec s\u00ec No no Archivi - Guerini e Associati\" \/>\n<meta property=\"og:description\" content=\"Collana diretta da Lodovico Festa e Giulio Sapelli. Coordinamento editoriale di Paolo Nessi \u00abS\u00ec s\u00ec No no\u00bb propone ai lettori punti di vista nettamente distinti e tendenzialmente contrapposti su alcuni tra i principali argomenti di attualit\u00e0; una scelta editoriale nata dalla convinzione che oggi alla societ\u00e0 italiana serva una vera discussione pubblica fatta non solo di tweet, slogan o insulti, e che sia indispensabile non tanto avere un\u2019opinione alla moda, quanto un punto di vista fondato sulle analisi. Lo sforzo di Lodovico Festa e Giulio Sapelli, curatori della collana, sar\u00e0 dunque quello di cercare interlocutori che, nel difendere le proprie posizioni, sappiano rispettare le ragioni di chi discute con loro, nella consapevolezza che la verit\u00e0 nasce non solo dalla individuazione di ci\u00f2 che \u00e8 giusto e di ci\u00f2 che \u00e8 errato, ma anche \u2013 senza scadere in atteggiamenti relativistici o nichilistici \u2013 dal confronto tra ragioni diverse in scenari complessi che talvolta trovano una soluzione solo nel superamento di entrambe le tesi presentate come contrapposte. Per approfondimenti, interviste e novit\u00e0 in arrivo ti invitiamo a visitare\u00a0la pagina Facebook\u00a0della collana.\" \/>\n<meta property=\"og:url\" content=\"https:\/\/www.guerini.it\/index.php\/categoria-prodotto\/attualita\/sisinono\/\" \/>\n<meta property=\"og:site_name\" content=\"Guerini e Associati\" \/>\n<meta name=\"twitter:card\" content=\"summary_large_image\" \/>\n<!-- \/ Yoast SEO plugin. -->","yoast_head_json":{"title":"S\u00ec s\u00ec No no Archivi - Guerini e Associati","robots":{"index":"index","follow":"follow","max-snippet":"max-snippet:-1","max-image-preview":"max-image-preview:large","max-video-preview":"max-video-preview:-1"},"canonical":"https:\/\/www.guerini.it\/index.php\/categoria-prodotto\/attualita\/sisinono\/","og_locale":"it_IT","og_type":"article","og_title":"S\u00ec s\u00ec No no Archivi - Guerini e Associati","og_description":"Collana diretta da Lodovico Festa e Giulio Sapelli. Coordinamento editoriale di Paolo Nessi \u00abS\u00ec s\u00ec No no\u00bb propone ai lettori punti di vista nettamente distinti e tendenzialmente contrapposti su alcuni tra i principali argomenti di attualit\u00e0; una scelta editoriale nata dalla convinzione che oggi alla societ\u00e0 italiana serva una vera discussione pubblica fatta non solo di tweet, slogan o insulti, e che sia indispensabile non tanto avere un\u2019opinione alla moda, quanto un punto di vista fondato sulle analisi. Lo sforzo di Lodovico Festa e Giulio Sapelli, curatori della collana, sar\u00e0 dunque quello di cercare interlocutori che, nel difendere le proprie posizioni, sappiano rispettare le ragioni di chi discute con loro, nella consapevolezza che la verit\u00e0 nasce non solo dalla individuazione di ci\u00f2 che \u00e8 giusto e di ci\u00f2 che \u00e8 errato, ma anche \u2013 senza scadere in atteggiamenti relativistici o nichilistici \u2013 dal confronto tra ragioni diverse in scenari complessi che talvolta trovano una soluzione solo nel superamento di entrambe le tesi presentate come contrapposte. Per approfondimenti, interviste e novit\u00e0 in arrivo ti invitiamo a visitare\u00a0la pagina Facebook\u00a0della collana.","og_url":"https:\/\/www.guerini.it\/index.php\/categoria-prodotto\/attualita\/sisinono\/","og_site_name":"Guerini e Associati","twitter_card":"summary_large_image","schema":{"@context":"https:\/\/schema.org","@graph":[{"@type":"CollectionPage","@id":"https:\/\/www.guerini.it\/index.php\/categoria-prodotto\/attualita\/sisinono\/","url":"https:\/\/www.guerini.it\/index.php\/categoria-prodotto\/attualita\/sisinono\/","name":"S\u00ec s\u00ec No no Archivi - Guerini e Associati","isPartOf":{"@id":"https:\/\/www.guerini.it\/#website"},"breadcrumb":{"@id":"https:\/\/www.guerini.it\/index.php\/categoria-prodotto\/attualita\/sisinono\/#breadcrumb"},"inLanguage":"it-IT"},{"@type":"BreadcrumbList","@id":"https:\/\/www.guerini.it\/index.php\/categoria-prodotto\/attualita\/sisinono\/#breadcrumb","itemListElement":[{"@type":"ListItem","position":1,"name":"Home","item":"https:\/\/www.guerini.it\/"},{"@type":"ListItem","position":2,"name":"Attualit\u00e0","item":"https:\/\/www.guerini.it\/index.php\/categoria-prodotto\/attualita\/"},{"@type":"ListItem","position":3,"name":"S\u00ec s\u00ec No no"}]},{"@type":"WebSite","@id":"https:\/\/www.guerini.it\/#website","url":"https:\/\/www.guerini.it\/","name":"Guerini e Associati","description":"30 anni di libri, idee e libert\u00e0","publisher":{"@id":"https:\/\/www.guerini.it\/#organization"},"potentialAction":[{"@type":"SearchAction","target":{"@type":"EntryPoint","urlTemplate":"https:\/\/www.guerini.it\/?s={search_term_string}"},"query-input":{"@type":"PropertyValueSpecification","valueRequired":true,"valueName":"search_term_string"}}],"inLanguage":"it-IT"},{"@type":"Organization","@id":"https:\/\/www.guerini.it\/#organization","name":"Guerini e Associati","url":"https:\/\/www.guerini.it\/","logo":{"@type":"ImageObject","inLanguage":"it-IT","@id":"https:\/\/www.guerini.it\/#\/schema\/logo\/image\/","url":"https:\/\/www.guerini.it\/wp-content\/uploads\/2021\/03\/Logo-Guerini-OK_-e1615831292285.png","contentUrl":"https:\/\/www.guerini.it\/wp-content\/uploads\/2021\/03\/Logo-Guerini-OK_-e1615831292285.png","width":2805,"height":1870,"caption":"Guerini e Associati"},"image":{"@id":"https:\/\/www.guerini.it\/#\/schema\/logo\/image\/"}}]}},"_links":{"self":[{"href":"https:\/\/www.guerini.it\/index.php\/wp-json\/wp\/v2\/product_cat\/6614","targetHints":{"allow":["GET"]}}],"collection":[{"href":"https:\/\/www.guerini.it\/index.php\/wp-json\/wp\/v2\/product_cat"}],"about":[{"href":"https:\/\/www.guerini.it\/index.php\/wp-json\/wp\/v2\/taxonomies\/product_cat"}],"up":[{"embeddable":true,"href":"https:\/\/www.guerini.it\/index.php\/wp-json\/wp\/v2\/product_cat\/6527"}],"wp:post_type":[{"href":"https:\/\/www.guerini.it\/index.php\/wp-json\/wp\/v2\/product?product_cat=6614"}],"curies":[{"name":"wp","href":"https:\/\/api.w.org\/{rel}","templated":true}]}}