{"id":6661,"count":12,"description":"<p style=\"text-align: left\">\u00abOrientarsi vuol dire: data una regione dello spazio trovare le rimanenti, in particolare l\u2019Oriente. Posso ora ampliare questo concetto geografico del procedimento dell\u2019orientarsi e intendere con questa parola: orientarsi in uno spazio dato in generale; infine posso ampliare ancora questo concetto, in modo da farlo consistere nella facolt\u00e0 di orientarsi non soltanto nello spazio, ma in generale nel pensare, cio\u00e8 logicamente.\u00bb\r\nI. Kant,\u00a0<em>Che cosa vuol dire orientarsi nel pensiero?<\/em>\u00a0(1786)<\/p>\r\nComitato Scientifico:\r\n\r\nGernot B\u00f6hme (Technische Universit\u00e4t Darmstadt\/Institut f\u00fcr Praxis der Philosophie Darmstadt); Alfredo Civita (Universit\u00e0 degli Studi di Milano); Enzo Costa (Universit\u00e0 degli Studi del Molise); Michele Di Francesco (Istituto Universitario di Studi Superiori di Pavia); Elio Franzini (Universit\u00e0 degli Studi di Milano); Tonino Griffero (Universit\u00e0 degli Studi di Roma Tor Vergata); Alfonso M. Iacono (Universit\u00e0 degli Studi di Pisa); Richard Shusterman (Florida Atlantic University).","link":"https:\/\/www.guerini.it\/index.php\/categoria-prodotto\/filosofia\/op-ns\/","name":"Orientarsi nel pensiero - Nuova serie","slug":"op-ns","taxonomy":"product_cat","parent":6530,"meta":[],"yoast_head":"<!-- This site is optimized with the Yoast SEO plugin v25.4 - https:\/\/yoast.com\/wordpress\/plugins\/seo\/ -->\n<title>Orientarsi nel pensiero - Nuova serie Archivi - Guerini e Associati<\/title>\n<meta name=\"robots\" content=\"index, follow, max-snippet:-1, max-image-preview:large, max-video-preview:-1\" \/>\n<link rel=\"canonical\" href=\"https:\/\/www.guerini.it\/index.php\/categoria-prodotto\/filosofia\/op-ns\/\" \/>\n<meta property=\"og:locale\" content=\"it_IT\" \/>\n<meta property=\"og:type\" content=\"article\" \/>\n<meta property=\"og:title\" content=\"Orientarsi nel pensiero - Nuova serie Archivi - Guerini e Associati\" \/>\n<meta property=\"og:description\" content=\"\u00abOrientarsi vuol dire: data una regione dello spazio trovare le rimanenti, in particolare l\u2019Oriente. Posso ora ampliare questo concetto geografico del procedimento dell\u2019orientarsi e intendere con questa parola: orientarsi in uno spazio dato in generale; infine posso ampliare ancora questo concetto, in modo da farlo consistere nella facolt\u00e0 di orientarsi non soltanto nello spazio, ma in generale nel pensare, cio\u00e8 logicamente.\u00bb I. Kant,\u00a0Che cosa vuol dire orientarsi nel pensiero?\u00a0(1786) Comitato Scientifico: Gernot B\u00f6hme (Technische Universit\u00e4t Darmstadt\/Institut f\u00fcr Praxis der Philosophie Darmstadt); Alfredo Civita (Universit\u00e0 degli Studi di Milano); Enzo Costa (Universit\u00e0 degli Studi del Molise); Michele Di Francesco (Istituto Universitario di Studi Superiori di Pavia); Elio Franzini (Universit\u00e0 degli Studi di Milano); Tonino Griffero (Universit\u00e0 degli Studi di Roma Tor Vergata); Alfonso M. Iacono (Universit\u00e0 degli Studi di Pisa); Richard Shusterman (Florida Atlantic University).\" \/>\n<meta property=\"og:url\" content=\"https:\/\/www.guerini.it\/index.php\/categoria-prodotto\/filosofia\/op-ns\/\" \/>\n<meta property=\"og:site_name\" content=\"Guerini e Associati\" \/>\n<meta name=\"twitter:card\" content=\"summary_large_image\" \/>\n<!-- \/ Yoast SEO plugin. -->","yoast_head_json":{"title":"Orientarsi nel pensiero - Nuova serie Archivi - Guerini e Associati","robots":{"index":"index","follow":"follow","max-snippet":"max-snippet:-1","max-image-preview":"max-image-preview:large","max-video-preview":"max-video-preview:-1"},"canonical":"https:\/\/www.guerini.it\/index.php\/categoria-prodotto\/filosofia\/op-ns\/","og_locale":"it_IT","og_type":"article","og_title":"Orientarsi nel pensiero - Nuova serie Archivi - Guerini e Associati","og_description":"\u00abOrientarsi vuol dire: data una regione dello spazio trovare le rimanenti, in particolare l\u2019Oriente. Posso ora ampliare questo concetto geografico del procedimento dell\u2019orientarsi e intendere con questa parola: orientarsi in uno spazio dato in generale; infine posso ampliare ancora questo concetto, in modo da farlo consistere nella facolt\u00e0 di orientarsi non soltanto nello spazio, ma in generale nel pensare, cio\u00e8 logicamente.\u00bb I. Kant,\u00a0Che cosa vuol dire orientarsi nel pensiero?\u00a0(1786) Comitato Scientifico: Gernot B\u00f6hme (Technische Universit\u00e4t Darmstadt\/Institut f\u00fcr Praxis der Philosophie Darmstadt); Alfredo Civita (Universit\u00e0 degli Studi di Milano); Enzo Costa (Universit\u00e0 degli Studi del Molise); Michele Di Francesco (Istituto Universitario di Studi Superiori di Pavia); Elio Franzini (Universit\u00e0 degli Studi di Milano); Tonino Griffero (Universit\u00e0 degli Studi di Roma Tor Vergata); Alfonso M. Iacono (Universit\u00e0 degli Studi di Pisa); Richard Shusterman (Florida Atlantic University).","og_url":"https:\/\/www.guerini.it\/index.php\/categoria-prodotto\/filosofia\/op-ns\/","og_site_name":"Guerini e Associati","twitter_card":"summary_large_image","schema":{"@context":"https:\/\/schema.org","@graph":[{"@type":"CollectionPage","@id":"https:\/\/www.guerini.it\/index.php\/categoria-prodotto\/filosofia\/op-ns\/","url":"https:\/\/www.guerini.it\/index.php\/categoria-prodotto\/filosofia\/op-ns\/","name":"Orientarsi nel pensiero - Nuova serie Archivi - Guerini e Associati","isPartOf":{"@id":"https:\/\/www.guerini.it\/#website"},"breadcrumb":{"@id":"https:\/\/www.guerini.it\/index.php\/categoria-prodotto\/filosofia\/op-ns\/#breadcrumb"},"inLanguage":"it-IT"},{"@type":"BreadcrumbList","@id":"https:\/\/www.guerini.it\/index.php\/categoria-prodotto\/filosofia\/op-ns\/#breadcrumb","itemListElement":[{"@type":"ListItem","position":1,"name":"Home","item":"https:\/\/www.guerini.it\/"},{"@type":"ListItem","position":2,"name":"Filosofia","item":"https:\/\/www.guerini.it\/index.php\/categoria-prodotto\/filosofia\/"},{"@type":"ListItem","position":3,"name":"Orientarsi nel pensiero - Nuova serie"}]},{"@type":"WebSite","@id":"https:\/\/www.guerini.it\/#website","url":"https:\/\/www.guerini.it\/","name":"Guerini e Associati","description":"30 anni di libri, idee e libert\u00e0","publisher":{"@id":"https:\/\/www.guerini.it\/#organization"},"potentialAction":[{"@type":"SearchAction","target":{"@type":"EntryPoint","urlTemplate":"https:\/\/www.guerini.it\/?s={search_term_string}"},"query-input":{"@type":"PropertyValueSpecification","valueRequired":true,"valueName":"search_term_string"}}],"inLanguage":"it-IT"},{"@type":"Organization","@id":"https:\/\/www.guerini.it\/#organization","name":"Guerini e Associati","url":"https:\/\/www.guerini.it\/","logo":{"@type":"ImageObject","inLanguage":"it-IT","@id":"https:\/\/www.guerini.it\/#\/schema\/logo\/image\/","url":"https:\/\/www.guerini.it\/wp-content\/uploads\/2021\/03\/Logo-Guerini-OK_-e1615831292285.png","contentUrl":"https:\/\/www.guerini.it\/wp-content\/uploads\/2021\/03\/Logo-Guerini-OK_-e1615831292285.png","width":2805,"height":1870,"caption":"Guerini e Associati"},"image":{"@id":"https:\/\/www.guerini.it\/#\/schema\/logo\/image\/"}}]}},"_links":{"self":[{"href":"https:\/\/www.guerini.it\/index.php\/wp-json\/wp\/v2\/product_cat\/6661","targetHints":{"allow":["GET"]}}],"collection":[{"href":"https:\/\/www.guerini.it\/index.php\/wp-json\/wp\/v2\/product_cat"}],"about":[{"href":"https:\/\/www.guerini.it\/index.php\/wp-json\/wp\/v2\/taxonomies\/product_cat"}],"up":[{"embeddable":true,"href":"https:\/\/www.guerini.it\/index.php\/wp-json\/wp\/v2\/product_cat\/6530"}],"wp:post_type":[{"href":"https:\/\/www.guerini.it\/index.php\/wp-json\/wp\/v2\/product?product_cat=6661"}],"curies":[{"name":"wp","href":"https:\/\/api.w.org\/{rel}","templated":true}]}}