{"id":7603,"count":3,"description":"<p style=\"text-align: justify\">Collana diretta da Maria Angela Polesana, Federico Tarquini, Tito Vagni.<\/p>\r\n<p style=\"text-align: justify\">Comitato scientifico: Luca Barra (Universit\u00e0 di Bologna), Tiziano Bonini (Universit\u00e0 di Siena), Cecilia Costa (Universit\u00e0 Roma Tre), Stefano Cristante (Universit\u00e0 del Salento), Piergiorgio Degli Esposti (Universit\u00e0 di Bologna), Adriano D\u2019Aloia (Universit\u00e0 di Bergamo), Mauro Ferraresi (IULM), Antonella Mascio (Universit\u00e0 di Bologna), Massimiliano Panarari (Universit\u00e0 Mercatorum), Antonio Rafele (Universit\u00e0 di Napoli Federico II).<\/p>\r\n<p style=\"text-align: justify\">I volumi di questa collana sono sottoposti a processo di peer review da parte di referee anonimi.<\/p>\r\n<p style=\"text-align: justify\"><em>Culturologica<\/em> \u00e8 uno spazio di interessi e di riflessione che prova a perseguire la definizione della nuova forma di cultura della societ\u00e0 contemporanea, portando alla luce le sue variegate sfumature. A tal fine, lo sguardo \u00e8 rivolto alla cultura mediale, della quale si vogliono individuare gli elementi antropologici, sociali ed estetici pi\u00f9 significativi. La collana promuove studi e ricerche che abbiano come campo d\u2019interesse gli interstizi inesplorati della vita ordinaria, le figure e i miti dell\u2019immaginario contemporaneo, le rappresentazioni mediali e i rapporti tra immagini, estetica ed effetti sociali.<\/p>","link":"https:\/\/www.guerini.it\/index.php\/categoria-prodotto\/sociologia-e-comunicazione\/culturologica\/","name":"Culturologica","slug":"culturologica","taxonomy":"product_cat","parent":6538,"meta":[],"yoast_head":"<!-- This site is optimized with the Yoast SEO plugin v25.4 - https:\/\/yoast.com\/wordpress\/plugins\/seo\/ -->\n<title>Culturologica Archivi - Guerini e Associati<\/title>\n<meta name=\"robots\" content=\"index, follow, max-snippet:-1, max-image-preview:large, max-video-preview:-1\" \/>\n<link rel=\"canonical\" href=\"https:\/\/www.guerini.it\/index.php\/categoria-prodotto\/sociologia-e-comunicazione\/culturologica\/\" \/>\n<meta property=\"og:locale\" content=\"it_IT\" \/>\n<meta property=\"og:type\" content=\"article\" \/>\n<meta property=\"og:title\" content=\"Culturologica Archivi - Guerini e Associati\" \/>\n<meta property=\"og:description\" content=\"Collana diretta da Maria Angela Polesana, Federico Tarquini, Tito Vagni. Comitato scientifico: Luca Barra (Universit\u00e0 di Bologna), Tiziano Bonini (Universit\u00e0 di Siena), Cecilia Costa (Universit\u00e0 Roma Tre), Stefano Cristante (Universit\u00e0 del Salento), Piergiorgio Degli Esposti (Universit\u00e0 di Bologna), Adriano D\u2019Aloia (Universit\u00e0 di Bergamo), Mauro Ferraresi (IULM), Antonella Mascio (Universit\u00e0 di Bologna), Massimiliano Panarari (Universit\u00e0 Mercatorum), Antonio Rafele (Universit\u00e0 di Napoli Federico II). I volumi di questa collana sono sottoposti a processo di peer review da parte di referee anonimi. Culturologica \u00e8 uno spazio di interessi e di riflessione che prova a perseguire la definizione della nuova forma di cultura della societ\u00e0 contemporanea, portando alla luce le sue variegate sfumature. A tal fine, lo sguardo \u00e8 rivolto alla cultura mediale, della quale si vogliono individuare gli elementi antropologici, sociali ed estetici pi\u00f9 significativi. La collana promuove studi e ricerche che abbiano come campo d\u2019interesse gli interstizi inesplorati della vita ordinaria, le figure e i miti dell\u2019immaginario contemporaneo, le rappresentazioni mediali e i rapporti tra immagini, estetica ed effetti sociali.\" \/>\n<meta property=\"og:url\" content=\"https:\/\/www.guerini.it\/index.php\/categoria-prodotto\/sociologia-e-comunicazione\/culturologica\/\" \/>\n<meta property=\"og:site_name\" content=\"Guerini e Associati\" \/>\n<meta name=\"twitter:card\" content=\"summary_large_image\" \/>\n<!-- \/ Yoast SEO plugin. -->","yoast_head_json":{"title":"Culturologica Archivi - Guerini e Associati","robots":{"index":"index","follow":"follow","max-snippet":"max-snippet:-1","max-image-preview":"max-image-preview:large","max-video-preview":"max-video-preview:-1"},"canonical":"https:\/\/www.guerini.it\/index.php\/categoria-prodotto\/sociologia-e-comunicazione\/culturologica\/","og_locale":"it_IT","og_type":"article","og_title":"Culturologica Archivi - Guerini e Associati","og_description":"Collana diretta da Maria Angela Polesana, Federico Tarquini, Tito Vagni. Comitato scientifico: Luca Barra (Universit\u00e0 di Bologna), Tiziano Bonini (Universit\u00e0 di Siena), Cecilia Costa (Universit\u00e0 Roma Tre), Stefano Cristante (Universit\u00e0 del Salento), Piergiorgio Degli Esposti (Universit\u00e0 di Bologna), Adriano D\u2019Aloia (Universit\u00e0 di Bergamo), Mauro Ferraresi (IULM), Antonella Mascio (Universit\u00e0 di Bologna), Massimiliano Panarari (Universit\u00e0 Mercatorum), Antonio Rafele (Universit\u00e0 di Napoli Federico II). I volumi di questa collana sono sottoposti a processo di peer review da parte di referee anonimi. Culturologica \u00e8 uno spazio di interessi e di riflessione che prova a perseguire la definizione della nuova forma di cultura della societ\u00e0 contemporanea, portando alla luce le sue variegate sfumature. A tal fine, lo sguardo \u00e8 rivolto alla cultura mediale, della quale si vogliono individuare gli elementi antropologici, sociali ed estetici pi\u00f9 significativi. La collana promuove studi e ricerche che abbiano come campo d\u2019interesse gli interstizi inesplorati della vita ordinaria, le figure e i miti dell\u2019immaginario contemporaneo, le rappresentazioni mediali e i rapporti tra immagini, estetica ed effetti sociali.","og_url":"https:\/\/www.guerini.it\/index.php\/categoria-prodotto\/sociologia-e-comunicazione\/culturologica\/","og_site_name":"Guerini e Associati","twitter_card":"summary_large_image","schema":{"@context":"https:\/\/schema.org","@graph":[{"@type":"CollectionPage","@id":"https:\/\/www.guerini.it\/index.php\/categoria-prodotto\/sociologia-e-comunicazione\/culturologica\/","url":"https:\/\/www.guerini.it\/index.php\/categoria-prodotto\/sociologia-e-comunicazione\/culturologica\/","name":"Culturologica Archivi - Guerini e Associati","isPartOf":{"@id":"https:\/\/www.guerini.it\/#website"},"breadcrumb":{"@id":"https:\/\/www.guerini.it\/index.php\/categoria-prodotto\/sociologia-e-comunicazione\/culturologica\/#breadcrumb"},"inLanguage":"it-IT"},{"@type":"BreadcrumbList","@id":"https:\/\/www.guerini.it\/index.php\/categoria-prodotto\/sociologia-e-comunicazione\/culturologica\/#breadcrumb","itemListElement":[{"@type":"ListItem","position":1,"name":"Home","item":"https:\/\/www.guerini.it\/"},{"@type":"ListItem","position":2,"name":"Sociologia e Comunicazione","item":"https:\/\/www.guerini.it\/index.php\/categoria-prodotto\/sociologia-e-comunicazione\/"},{"@type":"ListItem","position":3,"name":"Culturologica"}]},{"@type":"WebSite","@id":"https:\/\/www.guerini.it\/#website","url":"https:\/\/www.guerini.it\/","name":"Guerini e Associati","description":"30 anni di libri, idee e libert\u00e0","publisher":{"@id":"https:\/\/www.guerini.it\/#organization"},"potentialAction":[{"@type":"SearchAction","target":{"@type":"EntryPoint","urlTemplate":"https:\/\/www.guerini.it\/?s={search_term_string}"},"query-input":{"@type":"PropertyValueSpecification","valueRequired":true,"valueName":"search_term_string"}}],"inLanguage":"it-IT"},{"@type":"Organization","@id":"https:\/\/www.guerini.it\/#organization","name":"Guerini e Associati","url":"https:\/\/www.guerini.it\/","logo":{"@type":"ImageObject","inLanguage":"it-IT","@id":"https:\/\/www.guerini.it\/#\/schema\/logo\/image\/","url":"https:\/\/www.guerini.it\/wp-content\/uploads\/2021\/03\/Logo-Guerini-OK_-e1615831292285.png","contentUrl":"https:\/\/www.guerini.it\/wp-content\/uploads\/2021\/03\/Logo-Guerini-OK_-e1615831292285.png","width":2805,"height":1870,"caption":"Guerini e Associati"},"image":{"@id":"https:\/\/www.guerini.it\/#\/schema\/logo\/image\/"}}]}},"_links":{"self":[{"href":"https:\/\/www.guerini.it\/index.php\/wp-json\/wp\/v2\/product_cat\/7603","targetHints":{"allow":["GET"]}}],"collection":[{"href":"https:\/\/www.guerini.it\/index.php\/wp-json\/wp\/v2\/product_cat"}],"about":[{"href":"https:\/\/www.guerini.it\/index.php\/wp-json\/wp\/v2\/taxonomies\/product_cat"}],"up":[{"embeddable":true,"href":"https:\/\/www.guerini.it\/index.php\/wp-json\/wp\/v2\/product_cat\/6538"}],"wp:post_type":[{"href":"https:\/\/www.guerini.it\/index.php\/wp-json\/wp\/v2\/product?product_cat=7603"}],"curies":[{"name":"wp","href":"https:\/\/api.w.org\/{rel}","templated":true}]}}